{"id":11810,"date":"2020-07-06T20:20:57","date_gmt":"2020-07-06T19:20:57","guid":{"rendered":"http:\/\/www.travellingdevil.de\/?p=11810"},"modified":"2020-07-06T21:39:42","modified_gmt":"2020-07-06T20:39:42","slug":"wanderung-bergischer-streifzug-20-boellweg","status":"publish","type":"post","link":"https:\/\/www.travellingdevil.de\/?p=11810","title":{"rendered":"Wanderung Bergischer Streifzug 20 &#8211; B\u00f6llweg"},"content":{"rendered":"<p>Am 1.6. hatten wir uns, f\u00fcr uns untypisch an einem Sonntag, entschlossen wieder eine Wanderung zu unternehmen. Und dabei hatten wir moraltechnische (und sonnencreme-technische) Unterst\u00fctzung von zwei Freunden. Mit denen wir uns am Abend vorher Mut angetrunken haben.<\/p>\n<p><a href=\"https:\/\/www.travellingdevil.de\/?attachment_id=11757\" rel=\"attachment wp-att-11757\"><img loading=\"lazy\" decoding=\"async\" class=\"alignnone size-full wp-image-11757\" src=\"https:\/\/travellingdevil.de\/wp-content\/uploads\/2020\/06\/0108_2020KleineUrlaube.jpg\" alt=\"\" width=\"1024\" height=\"768\" srcset=\"https:\/\/www.travellingdevil.de\/wp-content\/uploads\/2020\/06\/0108_2020KleineUrlaube.jpg 1024w, https:\/\/www.travellingdevil.de\/wp-content\/uploads\/2020\/06\/0108_2020KleineUrlaube-768x576.jpg 768w\" sizes=\"auto, (max-width: 1024px) 100vw, 1024px\" \/><\/a><\/p>\n<p>Spass: Mut brauchten wir nicht. Getrunken und sehr lecker gegessen haben wir mit Karen &amp; Chris trotzdem (&#8222;Societe@home&#8220; sage ich nur).<\/p>\n<p>Auch wegen der Weinbegleitung und weil wir das erste Treffen mit anderen Menschen seit etwa 2 1\/2 Monaten, abgesehen von der einen Wanderung mit Uwe, richtig genossen haben.<\/p>\n<p>Dementsprechend ging es dann auch erst Mittags in der N\u00e4he von Much los. Unsere Wahl fiel diesmal auf den Bergischen Streifzug Nummer 20: <a href=\"https:\/\/www.bergisches-wanderland.de\/de\/bergische-streifzuege\/alle-streifzuege\/20-boellweg-much-12-km\/index.html\ufffd\">Den B\u00f6llweg<\/a>.<\/p>\n<p><a href=\"https:\/\/www.travellingdevil.de\/?attachment_id=11758\" rel=\"attachment wp-att-11758\"><img loading=\"lazy\" decoding=\"async\" class=\"alignnone size-full wp-image-11758\" src=\"https:\/\/travellingdevil.de\/wp-content\/uploads\/2020\/06\/0109_2020KleineUrlaube.jpg\" alt=\"\" width=\"768\" height=\"1024\"><\/a><\/p>\n<p>Der Weg zeigt viele Stationen des Schriftstellers und Nobelpreistr\u00e4gers Heinrich B\u00f6ll.<\/p>\n<p><a href=\"https:\/\/www.travellingdevil.de\/?attachment_id=11759\" rel=\"attachment wp-att-11759\"><img loading=\"lazy\" decoding=\"async\" class=\"alignnone size-full wp-image-11759\" src=\"https:\/\/travellingdevil.de\/wp-content\/uploads\/2020\/06\/0110_2020KleineUrlaube.jpg\" alt=\"\" width=\"768\" height=\"1024\"><\/a><\/p>\n<p>Heinrich B\u00f6ll, geboren 1917 in K\u00f6ln und gestorben 1985 in der N\u00e4he von D\u00fcren, ist einer der bedeutensten deutschen Schriftsteller der Nachkriegszeit. Und am Ende des Krieges verbrachten er und seine Freu einige Zeit in Much. Hier in der N\u00e4he wurde er auch dann im April 1945 von den Amerikanern in Gefangenschaft genommen (bzw. er begab sich dahin, denn die Kriegsm\u00fcdigkeit hatte ihn schon lange ereilt.<\/p>\n<p><a href=\"https:\/\/www.travellingdevil.de\/?attachment_id=11761\" rel=\"attachment wp-att-11761\"><img loading=\"lazy\" decoding=\"async\" class=\"alignnone size-full wp-image-11761\" src=\"https:\/\/travellingdevil.de\/wp-content\/uploads\/2020\/06\/0112_2020KleineUrlaube.jpg\" alt=\"\" width=\"768\" height=\"1024\"><\/a><\/p>\n<p>Vom recht \u00fcberf\u00fcllten Parkplatz ging es dann in Richtung Marienfeld durch sommerliche Felder.<\/p>\n<p><a href=\"https:\/\/www.travellingdevil.de\/?attachment_id=11760\" rel=\"attachment wp-att-11760\"><img loading=\"lazy\" decoding=\"async\" class=\"alignnone size-full wp-image-11760\" src=\"https:\/\/travellingdevil.de\/wp-content\/uploads\/2020\/06\/0111_2020KleineUrlaube.jpg\" alt=\"\" width=\"1024\" height=\"768\" srcset=\"https:\/\/www.travellingdevil.de\/wp-content\/uploads\/2020\/06\/0111_2020KleineUrlaube.jpg 1024w, https:\/\/www.travellingdevil.de\/wp-content\/uploads\/2020\/06\/0111_2020KleineUrlaube-768x576.jpg 768w\" sizes=\"auto, (max-width: 1024px) 100vw, 1024px\" \/><\/a><\/p>\n<p><a href=\"https:\/\/www.travellingdevil.de\/?attachment_id=11762\" rel=\"attachment wp-att-11762\"><img loading=\"lazy\" decoding=\"async\" class=\"alignnone size-full wp-image-11762\" src=\"https:\/\/travellingdevil.de\/wp-content\/uploads\/2020\/06\/0113_2020KleineUrlaube.jpg\" alt=\"\" width=\"1024\" height=\"768\" srcset=\"https:\/\/www.travellingdevil.de\/wp-content\/uploads\/2020\/06\/0113_2020KleineUrlaube.jpg 1024w, https:\/\/www.travellingdevil.de\/wp-content\/uploads\/2020\/06\/0113_2020KleineUrlaube-768x576.jpg 768w\" sizes=\"auto, (max-width: 1024px) 100vw, 1024px\" \/><\/a><\/p>\n<p>Karen und Chris, die tats\u00e4chlich kurz vor dem Beginn der &#8222;hei\u00dfen&#8220; Coronaphase in Deutschland von ihrem Sabattical aus S\u00fcdamerika und dem Pazifik zur\u00fcckgekert sind, hatten nat\u00fcrlich weniger Probleme mit der Sonne.<\/p>\n<p><a href=\"https:\/\/www.travellingdevil.de\/?attachment_id=11763\" rel=\"attachment wp-att-11763\"><img loading=\"lazy\" decoding=\"async\" class=\"alignnone size-full wp-image-11763\" src=\"https:\/\/travellingdevil.de\/wp-content\/uploads\/2020\/06\/0114_2020KleineUrlaube.jpg\" alt=\"\" width=\"1024\" height=\"768\" srcset=\"https:\/\/www.travellingdevil.de\/wp-content\/uploads\/2020\/06\/0114_2020KleineUrlaube.jpg 1024w, https:\/\/www.travellingdevil.de\/wp-content\/uploads\/2020\/06\/0114_2020KleineUrlaube-768x576.jpg 768w\" sizes=\"auto, (max-width: 1024px) 100vw, 1024px\" \/><\/a><\/p>\n<p>Was aber auch an dem gewissenhaften Sonnencreme-Regime liegen kontte, was Karen durchsetzte.<\/p>\n<p>Hier und da gab es dann wieder die \u00fcblichen D\u00f6rfchen. Hier mit einem aktuell in der Renovierung befindlichen Fachwerkhaus. Und einem sehr ausgeschlachteten Auto davor.<\/p>\n<p><a href=\"https:\/\/www.travellingdevil.de\/?attachment_id=11764\" rel=\"attachment wp-att-11764\"><img loading=\"lazy\" decoding=\"async\" class=\"alignnone size-full wp-image-11764\" src=\"https:\/\/travellingdevil.de\/wp-content\/uploads\/2020\/06\/0115_2020KleineUrlaube.jpg\" alt=\"\" width=\"1024\" height=\"768\" srcset=\"https:\/\/www.travellingdevil.de\/wp-content\/uploads\/2020\/06\/0115_2020KleineUrlaube.jpg 1024w, https:\/\/www.travellingdevil.de\/wp-content\/uploads\/2020\/06\/0115_2020KleineUrlaube-768x576.jpg 768w\" sizes=\"auto, (max-width: 1024px) 100vw, 1024px\" \/><\/a><\/p>\n<p>Was uns an dieser Stelle wieder einmal aufgefallen ist: Hier gr\u00fc\u00dft man sich. Selbst die Bauarbeiter in dem Haus sagten l\u00e4chelnd &#8222;Ach, einen sch\u00f6nen Tag auch!&#8220;. In K\u00f6ln w\u00fcrde man maximal angeschwiegen werden.<\/p>\n<p><a href=\"https:\/\/www.travellingdevil.de\/?attachment_id=11765\" rel=\"attachment wp-att-11765\"><img loading=\"lazy\" decoding=\"async\" class=\"alignnone size-full wp-image-11765\" src=\"https:\/\/travellingdevil.de\/wp-content\/uploads\/2020\/06\/0116_2020KleineUrlaube.jpg\" alt=\"\" width=\"1024\" height=\"768\" srcset=\"https:\/\/www.travellingdevil.de\/wp-content\/uploads\/2020\/06\/0116_2020KleineUrlaube.jpg 1024w, https:\/\/www.travellingdevil.de\/wp-content\/uploads\/2020\/06\/0116_2020KleineUrlaube-768x576.jpg 768w\" sizes=\"auto, (max-width: 1024px) 100vw, 1024px\" \/><\/a><\/p>\n<p>An einer kleinen Gedenktafel machten wir dann eine kleine Pause. Das bisschen Essen von gestern Abend war also schon weg, soviel zum Thema &#8222;Reserven&#8220;.<\/p>\n<p>War aber ganz angenehm in der Sonne zu hocken und sich einfach auszuruhen.<\/p>\n<p>Nach einer Weile kamen wir dann an einer (so vermuten wir) Gnadenwiese vorbei. Das wei\u00dfe Pferd sah auf jeden Fall nicht so gut aus, war aber freundlich zu Meike. Der kleine Kumpel auf der Weide war da schon schreckhafter.<\/p>\n<p><a href=\"https:\/\/www.travellingdevil.de\/?attachment_id=11766\" rel=\"attachment wp-att-11766\"><img loading=\"lazy\" decoding=\"async\" class=\"alignnone size-full wp-image-11766\" src=\"https:\/\/travellingdevil.de\/wp-content\/uploads\/2020\/06\/0117_2020KleineUrlaube.jpg\" alt=\"\" width=\"1024\" height=\"768\" srcset=\"https:\/\/www.travellingdevil.de\/wp-content\/uploads\/2020\/06\/0117_2020KleineUrlaube.jpg 1024w, https:\/\/www.travellingdevil.de\/wp-content\/uploads\/2020\/06\/0117_2020KleineUrlaube-768x576.jpg 768w\" sizes=\"auto, (max-width: 1024px) 100vw, 1024px\" \/><\/a><\/p>\n<p>Danach dann die \u00fcblicherweise im Bergischen Land anzutreffenden Tiere. Neben M\u00fccken und V\u00f6geln. Hier die Variante der Schwarzbunten oder auch schwarz-wei\u00df gescheckten Kuh, eine h\u00e4ufig anzutreffende Milchkuh-Rasse.<\/p>\n<p><a href=\"https:\/\/www.travellingdevil.de\/?attachment_id=11767\" rel=\"attachment wp-att-11767\"><img loading=\"lazy\" decoding=\"async\" class=\"alignnone size-full wp-image-11767\" src=\"https:\/\/travellingdevil.de\/wp-content\/uploads\/2020\/06\/0118_2020KleineUrlaube.jpg\" alt=\"\" width=\"1024\" height=\"768\" srcset=\"https:\/\/www.travellingdevil.de\/wp-content\/uploads\/2020\/06\/0118_2020KleineUrlaube.jpg 1024w, https:\/\/www.travellingdevil.de\/wp-content\/uploads\/2020\/06\/0118_2020KleineUrlaube-768x576.jpg 768w\" sizes=\"auto, (max-width: 1024px) 100vw, 1024px\" \/><\/a><\/p>\n<p>Der ganze Weg verging quasi wie im Flug, wenn man sich unterh\u00e4lt. Was wir ausgiebig getan haben. Nicht, dass wir uns sonst nicht unterhalten w\u00fcrden &#8230;<\/p>\n<p>Am Ende kurz vor dem Ziel fanden wir noch diese kleine Kapelle, die Germania-Kapelle von Wersch.<\/p>\n<p><a href=\"https:\/\/www.travellingdevil.de\/?attachment_id=11768\" rel=\"attachment wp-att-11768\"><img loading=\"lazy\" decoding=\"async\" class=\"alignnone size-full wp-image-11768\" src=\"https:\/\/travellingdevil.de\/wp-content\/uploads\/2020\/06\/0119_2020KleineUrlaube.jpg\" alt=\"\" width=\"768\" height=\"1024\"><\/a><\/p>\n<p>Bereits 1710 als kleines Heiligenh\u00e4uschen erbaut und 1887 durch einen Erweiterungsbau der heiligen Germanie (Patronin der Hirten) gewidmet.<\/p>\n<p>Im Anschluss an die Kapelle dann die \u00dcberraschung einen Arbeitskollegen zu treffen, der ebenfalls die Idee verfolgt, in der Corona-Zeit die Bergischen Streifz\u00fcge abzugehen. So klein ist die Welt dann.<\/p>\n<p>Danach waren dann auch schnell die Autos erreicht &amp; der Wander-Sonntag beendet.<\/p>\n<p>Statistik:<\/p>\n<ul>\n<li>Gelaufen am 01.06.2020<\/li>\n<li>Dauer 3:59 Stunden<\/li>\n<li>14,2 Kilometer mit 411 hm<\/li>\n<li>Gastwanderer: Karen und Chris<\/li>\n<\/ul>\n<p><a href=\"https:\/\/www.travellingdevil.de\/?attachment_id=11756\" rel=\"attachment wp-att-11756\"><img loading=\"lazy\" decoding=\"async\" class=\"alignnone size-full wp-image-11756\" src=\"https:\/\/travellingdevil.de\/wp-content\/uploads\/2020\/06\/0107_2020KleineUrlaube.jpg\" alt=\"\" width=\"800\" height=\"1024\" srcset=\"https:\/\/www.travellingdevil.de\/wp-content\/uploads\/2020\/06\/0107_2020KleineUrlaube.jpg 800w, https:\/\/www.travellingdevil.de\/wp-content\/uploads\/2020\/06\/0107_2020KleineUrlaube-768x983.jpg 768w\" sizes=\"auto, (max-width: 800px) 100vw, 800px\" \/><\/a><\/p>\n<p>(Karte von <a href=\"https:\/\/www.outdooractive.com\/de\/\" target=\"_blank\" rel=\"noopener noreferrer\">outdooractive.com\/de\/<\/a> \/ <a href=\"https:\/\/www.openstreetmap.org\/\" target=\"_blank\" rel=\"noopener noreferrer\">openstreetmap.org<\/a>)<\/p>\n<hr>\n<p>Nachtrag: In Zeiten von Corona haben wir, damit uns nicht die sprichw\u00f6rtliche Decke auf den Kopf f\u00e4llt, Ende M\u00e4rz 2020 dazu entschlossen, das Beste aus der Situation zu machen. Dies bedeutete auch, dass wir uns f\u00fcr eine Abwechslung entschieden haben, die 1. spontan m\u00f6glich ist und 2. uns nicht in die N\u00e4he von Menschen bringt bzw. die M\u00f6glichkeit bietet, den geb\u00fchrenden Abstand zu halten.<\/p>\n<p>Beides haben wir durch spontane (beruflich wie wettertechnisch) Wanderungen gefunden, die wir hier bloggen wollen.<\/p>\n","protected":false},"excerpt":{"rendered":"<p>Am 1.6. hatten wir uns, f\u00fcr uns untypisch an einem Sonntag, entschlossen wieder eine Wanderung zu unternehmen. Und dabei hatten wir moraltechnische (und sonnencreme-technische) Unterst\u00fctzung&#8230;<\/p>\n<div class=\"more-link-wrapper\"><a class=\"more-link\" href=\"https:\/\/www.travellingdevil.de\/?p=11810\">Weiterlesen<span class=\"screen-reader-text\">Wanderung Bergischer Streifzug 20 &#8211; B\u00f6llweg<\/span><\/a><\/div>\n","protected":false},"author":3,"featured_media":11768,"comment_status":"open","ping_status":"open","sticky":false,"template":"","format":"standard","meta":{"iawp_total_views":5,"footnotes":""},"categories":[75],"tags":[77,84,82],"class_list":["post-11810","post","type-post","status-publish","format-standard","has-post-thumbnail","hentry","category-sonstiges2020","tag-77","tag-bergischer-streifzug","tag-wanderung","entry"],"views":892,"_links":{"self":[{"href":"https:\/\/www.travellingdevil.de\/index.php?rest_route=\/wp\/v2\/posts\/11810","targetHints":{"allow":["GET"]}}],"collection":[{"href":"https:\/\/www.travellingdevil.de\/index.php?rest_route=\/wp\/v2\/posts"}],"about":[{"href":"https:\/\/www.travellingdevil.de\/index.php?rest_route=\/wp\/v2\/types\/post"}],"author":[{"embeddable":true,"href":"https:\/\/www.travellingdevil.de\/index.php?rest_route=\/wp\/v2\/users\/3"}],"replies":[{"embeddable":true,"href":"https:\/\/www.travellingdevil.de\/index.php?rest_route=%2Fwp%2Fv2%2Fcomments&post=11810"}],"version-history":[{"count":7,"href":"https:\/\/www.travellingdevil.de\/index.php?rest_route=\/wp\/v2\/posts\/11810\/revisions"}],"predecessor-version":[{"id":12076,"href":"https:\/\/www.travellingdevil.de\/index.php?rest_route=\/wp\/v2\/posts\/11810\/revisions\/12076"}],"wp:featuredmedia":[{"embeddable":true,"href":"https:\/\/www.travellingdevil.de\/index.php?rest_route=\/wp\/v2\/media\/11768"}],"wp:attachment":[{"href":"https:\/\/www.travellingdevil.de\/index.php?rest_route=%2Fwp%2Fv2%2Fmedia&parent=11810"}],"wp:term":[{"taxonomy":"category","embeddable":true,"href":"https:\/\/www.travellingdevil.de\/index.php?rest_route=%2Fwp%2Fv2%2Fcategories&post=11810"},{"taxonomy":"post_tag","embeddable":true,"href":"https:\/\/www.travellingdevil.de\/index.php?rest_route=%2Fwp%2Fv2%2Ftags&post=11810"}],"curies":[{"name":"wp","href":"https:\/\/api.w.org\/{rel}","templated":true}]}}