{"id":1200,"date":"2013-01-13T18:51:49","date_gmt":"2013-01-13T17:51:49","guid":{"rendered":"http:\/\/travellingdevil.de\/wordpress\/?p=1200"},"modified":"2020-07-19T16:09:55","modified_gmt":"2020-07-19T15:09:55","slug":"der-erste-tag","status":"publish","type":"post","link":"https:\/\/www.travellingdevil.de\/?p=1200","title":{"rendered":"Der erste Tag"},"content":{"rendered":"<p>ist ja bekanntlich immer der schwerste.<\/p>\n<p>Nachdem das gestern mit dem Skipass und dem Skikurs nicht so dolle geklappt hat, mussten wir heute was fr\u00fcher aufstehen. Was wir auch wiederwillig, aber erfolgreich gemacht haben. Danach ging es, wie letztes Jahr, ins Dorf und mit dem Bus zur Talstation, wo wie sowohl den Skipass als auch 3 Tage Skikurs gebucht haben. Jeweils vormittags, man lernt ja auch aus den letzten Jahr. Bzw. wird ja nicht j\u00fcnger &#8230;<\/p>\n<p>Zu dem Treffpunkt f\u00fcr den Skikurs muss man \u00fcbrigens schon ein ganzes St\u00fcck Skifahren. Ist wohl so eine Art Vorab-Pr\u00fcfung &#8230;<\/p>\n<p><a href=\"http:\/\/travellingdevil.de\/?attachment_id=1204\" rel=\"attachment wp-att-1204\"><img loading=\"lazy\" decoding=\"async\" class=\"alignnone wp-image-1204 size-large\" src=\"https:\/\/travellingdevil.de\/wp-content\/uploads\/2013\/01\/001-Skikurs-1024x768.jpg\" alt=\"Exif_JPEG_PICTURE\" width=\"1024\" height=\"768\" \/><\/a><\/p>\n<p>Vor Ort muss man dann vorfahren, wobei 90% aller Leute in einen Kurs gesteckt wurden, nur R\u00fcdiger und ein M\u00e4del wurden in einen anderen Kurs gesteckt. Komische Aufteilung &#8211; so waren wir auf jeden Fall 8 Leute im Kurs. Mal schauen, wie das morgen wird, heute war auf jeden Fall schon recht voll.<\/p>\n<p>Was \u00fcberraschend ist: Wir sind nicht die schlechtesten in Kurs. Aktuell w\u00fcrde ich sogar behaupten, dass wir recht gut unterwegs sind. Unterwegs klarte dann das Wetter auch etwas auf und speziell bei den Fahrten mit dem Lift hatte man ein paar sch\u00f6ne Ausblicke:<\/p>\n<p><a href=\"http:\/\/travellingdevil.de\/?attachment_id=1201\" rel=\"attachment wp-att-1201\"><img loading=\"lazy\" decoding=\"async\" class=\"alignnone wp-image-1201 size-large\" src=\"https:\/\/travellingdevil.de\/wp-content\/uploads\/2013\/01\/002-Ausblick-Montafon-1024x768.jpg\" alt=\"Exif_JPEG_PICTURE\" width=\"1024\" height=\"768\" \/><\/a><\/p>\n<p><a href=\"http:\/\/travellingdevil.de\/?attachment_id=1203\" rel=\"attachment wp-att-1203\"><img loading=\"lazy\" decoding=\"async\" class=\"alignnone wp-image-1203 size-large\" src=\"https:\/\/travellingdevil.de\/wp-content\/uploads\/2013\/01\/004-Ausblick-1024x768.jpg\" alt=\"Exif_JPEG_PICTURE\" width=\"1024\" height=\"768\" \/><\/a><\/p>\n<p>Relativ schnell ging der Vormittag vorbei und wir haben uns mit R\u00fcdiger (dessen Kurs auf den Nachmittag gelegt wurde, mangels Teilnehmern oder Skilehrern, das war nicht so genau herauszubekommen) beim Brunellawirt getroffen.<\/p>\n<p><a href=\"http:\/\/travellingdevil.de\/?attachment_id=1202\" rel=\"attachment wp-att-1202\"><img loading=\"lazy\" decoding=\"async\" class=\"alignnone wp-image-1202 size-large\" src=\"https:\/\/travellingdevil.de\/wp-content\/uploads\/2013\/01\/003-Brunella-1024x768.jpg\" alt=\"Exif_JPEG_PICTURE\" width=\"1024\" height=\"768\" \/><\/a><\/p>\n<p>Dort haben wir es uns in der Sonne gutgehen lassen.<\/p>\n<p>Zum kr\u00f6nenden Abschluss unseres ersten Skitages sind wir dann die Talabfahrt nach St. Gallenkirch hinuntergefahren und trotzdem die Oberschenkel schon ein wenig brannten war es doch echt gut.<\/p>\n<p>An der Talstation haben wir dann unsere Gastgeber getroffen und letztendlich die ganze Gruppe in der Casa Nova, einer lokalen ApreSki-Sch\u00e4nke, wiedergetroffen. Und nachdem der lokale DJ die Lautst\u00e4rke auf das Niveau eines startenden Jets geschraubt hat (und das, obwohl schon die Musikauswahl den Tatbestand der T\u00e4tlichkeit erf\u00fcllt hat) sind wir dann zur\u00fcck in unsere Unterkunft gegangen.<\/p>\n<p>Alles in allem geht es uns gut &#8211; mal schauen, wie morgen der Muskelkater ausf\u00e4llt &#8230; \ud83d\ude09<\/p>\n","protected":false},"excerpt":{"rendered":"<p>ist ja bekanntlich immer der schwerste. Nachdem das gestern mit dem Skipass und dem Skikurs nicht so dolle geklappt hat, mussten wir heute was fr\u00fcher&#8230;<\/p>\n<div class=\"more-link-wrapper\"><a class=\"more-link\" href=\"https:\/\/www.travellingdevil.de\/?p=1200\">Weiterlesen<span class=\"screen-reader-text\">Der erste Tag<\/span><\/a><\/div>\n","protected":false},"author":3,"featured_media":1203,"comment_status":"open","ping_status":"open","sticky":false,"template":"","format":"standard","meta":{"iawp_total_views":0,"footnotes":""},"categories":[14],"tags":[189,177],"class_list":["post-1200","post","type-post","status-publish","format-standard","has-post-thumbnail","hentry","category-montafon2013","tag-189","tag-montafon","entry"],"views":915,"_links":{"self":[{"href":"https:\/\/www.travellingdevil.de\/index.php?rest_route=\/wp\/v2\/posts\/1200","targetHints":{"allow":["GET"]}}],"collection":[{"href":"https:\/\/www.travellingdevil.de\/index.php?rest_route=\/wp\/v2\/posts"}],"about":[{"href":"https:\/\/www.travellingdevil.de\/index.php?rest_route=\/wp\/v2\/types\/post"}],"author":[{"embeddable":true,"href":"https:\/\/www.travellingdevil.de\/index.php?rest_route=\/wp\/v2\/users\/3"}],"replies":[{"embeddable":true,"href":"https:\/\/www.travellingdevil.de\/index.php?rest_route=%2Fwp%2Fv2%2Fcomments&post=1200"}],"version-history":[{"count":4,"href":"https:\/\/www.travellingdevil.de\/index.php?rest_route=\/wp\/v2\/posts\/1200\/revisions"}],"predecessor-version":[{"id":12966,"href":"https:\/\/www.travellingdevil.de\/index.php?rest_route=\/wp\/v2\/posts\/1200\/revisions\/12966"}],"wp:featuredmedia":[{"embeddable":true,"href":"https:\/\/www.travellingdevil.de\/index.php?rest_route=\/wp\/v2\/media\/1203"}],"wp:attachment":[{"href":"https:\/\/www.travellingdevil.de\/index.php?rest_route=%2Fwp%2Fv2%2Fmedia&parent=1200"}],"wp:term":[{"taxonomy":"category","embeddable":true,"href":"https:\/\/www.travellingdevil.de\/index.php?rest_route=%2Fwp%2Fv2%2Fcategories&post=1200"},{"taxonomy":"post_tag","embeddable":true,"href":"https:\/\/www.travellingdevil.de\/index.php?rest_route=%2Fwp%2Fv2%2Ftags&post=1200"}],"curies":[{"name":"wp","href":"https:\/\/api.w.org\/{rel}","templated":true}]}}