{"id":14419,"date":"2020-11-08T15:28:02","date_gmt":"2020-11-08T13:28:02","guid":{"rendered":"https:\/\/www.travellingdevil.de\/?p=14419"},"modified":"2020-11-08T15:28:02","modified_gmt":"2020-11-08T13:28:02","slug":"reichsparteitagsgelaende-nuernberg","status":"publish","type":"post","link":"https:\/\/www.travellingdevil.de\/?p=14419","title":{"rendered":"Reichsparteitagsgel\u00e4nde N\u00fcrnberg"},"content":{"rendered":"<p>Mit dem Bus ging es vom Tiergarten N\u00fcrnberg zum n\u00e4chsten Sightseeing-Spot: Dem <a href=\"https:\/\/de.wikipedia.org\/wiki\/Reichsparteitagsgel%C3%A4nde\">Reichsparteitagsgel\u00e4nde<\/a> in N\u00fcrnberg. Ironischerweise ist der Zoo in der umgekehrten Richtung 1932 umgezogen, als die NSDAP hier ihre Reichsparteitage veranstalten wollte.<\/p>\n<p>Heute gibt es hier ein <a href=\"https:\/\/de.wikipedia.org\/wiki\/Dokumentationszentrum_Reichsparteitagsgel%C3%A4nde\">Dokumentationszentrum<\/a>, welches die Geschichte des Gel\u00e4ndes sowie N\u00fcrnbergs zur Zeit des Nationalsozialismus zeigt. Auf das Gel\u00e4nde selber kommt man \u00fcbrigens kostenlos, dort gibt es diverse Informationstafeln an denen man sich auch informieren kann.<\/p>\n<p>Wir gingen, auch angesichts des Wetters, in die 2001 er\u00f6ffnete Ausstellung.<a href=\"https:\/\/www.travellingdevil.de\/?attachment_id=14420\" rel=\"attachment wp-att-14420\"><img loading=\"lazy\" decoding=\"async\" class=\"alignnone size-full wp-image-14420\" src=\"https:\/\/travellingdevil.de\/wp-content\/uploads\/2020\/10\/413_2020Bayern.jpg\" alt=\"\" width=\"1024\" height=\"768\" srcset=\"https:\/\/www.travellingdevil.de\/wp-content\/uploads\/2020\/10\/413_2020Bayern.jpg 1024w, https:\/\/www.travellingdevil.de\/wp-content\/uploads\/2020\/10\/413_2020Bayern-768x576.jpg 768w\" sizes=\"auto, (max-width: 1024px) 100vw, 1024px\" \/><\/a><\/p>\n<p>Das Dokumentationszentrum liegt in der von den Nazis konzeptionierte, aber nie komplett vollendeten Kongresshalle. Chronologisch wird man hier von den Ursachen f\u00fcr die Gewaltherrschaft der Nationalsozialisten \u00fcber den Verlauf bis hin zum bekannten Ende gef\u00fchrt. Der Fokus liegt nat\u00fcrlich, der Ort der Ausstellung gibt es ja quasi vor, auf den zwischen 1933 bis 1938 abgehaltenen Reichsparteitagen.<\/p>\n<p><a href=\"https:\/\/www.travellingdevil.de\/?attachment_id=14421\" rel=\"attachment wp-att-14421\"><img loading=\"lazy\" decoding=\"async\" class=\"alignnone size-large wp-image-14421\" src=\"https:\/\/travellingdevil.de\/wp-content\/uploads\/2020\/10\/414_2020Bayern.jpg\" alt=\"\" width=\"768\" height=\"1024\" \/><\/a> <a href=\"https:\/\/www.travellingdevil.de\/?attachment_id=14422\" rel=\"attachment wp-att-14422\"><img loading=\"lazy\" decoding=\"async\" class=\"alignnone size-large wp-image-14422\" src=\"https:\/\/travellingdevil.de\/wp-content\/uploads\/2020\/10\/415_2020Bayern.jpg\" alt=\"\" width=\"768\" height=\"1024\" \/><\/a><\/p>\n<p>Das Gel\u00e4nde war vor der Machtergreifung ein Naherholungsgebiet f\u00fcr die schnell wachsende Bev\u00f6lkerung N\u00fcrnbergs, unter anderem war ja auch hier der Tiergarten.<\/p>\n<p>Durch seine gute Lage, unter anderem was die Verkehrsanbindung angeht, war das Gel\u00e4nde aber eben auch irgendwann interessant f\u00fcr Gro\u00dfveranstaltungen. Die NSDAP hielt hier zwischen 1927 und 1929 ihre Parteitage ab.<\/p>\n<p>1933 wurde die Parkanlage im Luitpoldhain durch eine Aufmarschfl\u00e4che ersetzt, der Luipoldarena mit 84.000 m\u00b2 Grundfl\u00e4che. Diese kennt man von den Aufnahmen der SA und SS Aufm\u00e4rschen mit bis zu 150.000 fanatischen Anh\u00e4ngern der Nazis.<\/p>\n<p><a href=\"https:\/\/www.travellingdevil.de\/?attachment_id=14423\" rel=\"attachment wp-att-14423\"><img loading=\"lazy\" decoding=\"async\" class=\"alignnone size-large wp-image-14423\" src=\"https:\/\/travellingdevil.de\/wp-content\/uploads\/2020\/10\/416_2020Bayern.jpg\" alt=\"\" width=\"1024\" height=\"768\" srcset=\"https:\/\/www.travellingdevil.de\/wp-content\/uploads\/2020\/10\/416_2020Bayern.jpg 1024w, https:\/\/www.travellingdevil.de\/wp-content\/uploads\/2020\/10\/416_2020Bayern-768x576.jpg 768w\" sizes=\"auto, (max-width: 1024px) 100vw, 1024px\" \/><\/a><\/p>\n<p>Die Kongresshalle, in der sich heute das Dokumentationszentrum befindet, wurde wie gesagt nicht fertiggestellt. Urspr\u00fcnglich war eine Halle f\u00fcr 50.000 Menschen geplant, die unter einem freitragenden Dach von 70 Metern H\u00f6he Platz finden sollten. Symboltr\u00e4chtig wurde die Fassade mit gro\u00dfen Granitplatten &#8222;aus allen Gauen des Reiches&#8220; verkleidet.<\/p>\n<p>In der Ausstellung ging es derweil von den Anf\u00e4ngen zu den Kriegsjahren \u00fcber mit sehr eindr\u00fccklichen Ausstellungsst\u00fccken. F\u00fcr uns waren vor allem Beitr\u00e4ge von Kindern und Jugendlichen aus der Neuzeit sehr erhellend, die mit ihren Worten schilderten, was sie von der damaligen Zeit und den Menschen bzw. ihren Absichten halten.<\/p>\n<p><a href=\"https:\/\/www.travellingdevil.de\/?attachment_id=14424\" rel=\"attachment wp-att-14424\"><img loading=\"lazy\" decoding=\"async\" class=\"alignnone size-large wp-image-14424\" src=\"https:\/\/travellingdevil.de\/wp-content\/uploads\/2020\/10\/417_2020Bayern.jpg\" alt=\"\" width=\"1024\" height=\"768\" srcset=\"https:\/\/www.travellingdevil.de\/wp-content\/uploads\/2020\/10\/417_2020Bayern.jpg 1024w, https:\/\/www.travellingdevil.de\/wp-content\/uploads\/2020\/10\/417_2020Bayern-768x576.jpg 768w\" sizes=\"auto, (max-width: 1024px) 100vw, 1024px\" \/><\/a><\/p>\n<p>Die Ausstellung, die wirklich sehr sehenswert ist, endete mit den <a href=\"https:\/\/de.wikipedia.org\/wiki\/N%C3%BCrnberger_Prozesse\">N\u00fcrnberger Prozessen<\/a> zwischen 1945 bis 1949. Hier symbolisch die Protokolle der Verhandlungen einmal auf Deutsch und ins Englische \u00fcbersetzt.<\/p>\n<p><a href=\"https:\/\/www.travellingdevil.de\/?attachment_id=14425\" rel=\"attachment wp-att-14425\"><img loading=\"lazy\" decoding=\"async\" class=\"alignnone size-large wp-image-14425\" src=\"https:\/\/travellingdevil.de\/wp-content\/uploads\/2020\/10\/418_2020Bayern.jpg\" alt=\"\" width=\"768\" height=\"1024\" \/><\/a><\/p>\n<p>\u00dcber einen kleinen Raum, in dem Videos von Zeitzeugen der damaligen Zeit liefen (und die teilweise schon recht verkl\u00e4rt auf die Nazi-Zeit blickten) kommt man zu einem Aussichtspunkt, von dem aus man die Ausma\u00dfe der Kongresshalle erleben kann.<\/p>\n<p><a href=\"https:\/\/www.travellingdevil.de\/?attachment_id=14428\" rel=\"attachment wp-att-14428\"><img loading=\"lazy\" decoding=\"async\" class=\"alignnone size-large wp-image-14428\" src=\"https:\/\/travellingdevil.de\/wp-content\/uploads\/2020\/10\/419_2020Bayern-1-1024x335.jpg\" alt=\"\" width=\"1024\" height=\"335\" srcset=\"https:\/\/www.travellingdevil.de\/wp-content\/uploads\/2020\/10\/419_2020Bayern-1-1024x335.jpg 1024w, https:\/\/www.travellingdevil.de\/wp-content\/uploads\/2020\/10\/419_2020Bayern-1-768x251.jpg 768w, https:\/\/www.travellingdevil.de\/wp-content\/uploads\/2020\/10\/419_2020Bayern-1-1536x502.jpg 1536w, https:\/\/www.travellingdevil.de\/wp-content\/uploads\/2020\/10\/419_2020Bayern-1-2048x669.jpg 2048w\" sizes=\"auto, (max-width: 1024px) 100vw, 1024px\" \/><\/a><\/p>\n<p>Wenn man sich vor Augen f\u00fchrt, dass diese Halle noch eines der realistischeren Gro\u00dfprojekte war &#8230; in der N\u00e4he sollte ja z.B. das &#8222;<a href=\"https:\/\/de.wikipedia.org\/wiki\/Deutsches_Stadion_(N%C3%BCrnberg)\">Deutsche Stadion<\/a>&#8220; gebaut werden, ein Stadion mit Platz f\u00fcr 405.000 Zuschauern.<\/p>\n<p>Das solche Projekte unter normalen Umst\u00e4nden nicht durchf\u00fchrbar sind, sollte jedem klar sein. Die Nazis behalfen sich halt f\u00fcr den Bau unter anderem in den umliegenden Konzentrationslagern.<\/p>\n<p>Zum 175. Jubil\u00e4um der deutschen Eisenbahn wurde diese Installation im Rahmen einer Sonderausstellung im Dokumentationszentrum erstellt. Die deutsche Eisenbahn hat ja sehr lange ihre Rolle bei den Massenmorden an Juden, Sinti, Roma und anderen Menschen heruntergespielt und erst durch Druck aus der \u00d6ffentlichkeit sich mit dem Thema besch\u00e4ftigt.<\/p>\n<p>In diesem 40 Meter langen Gleisbett liegen 60.000 Karten, jede einzelne mit Namen, Geburtsdatum und Todestag \/-ort eines Menschen, der von den Nationalsozialisten ermordet wurde. Stellvertretend f\u00fcr 100 weitere, denn die 6 Millionen sind so unvorstellbar viele, dass sie nicht hier hineinpassen.<\/p>\n<p><a href=\"https:\/\/www.travellingdevil.de\/?attachment_id=14427\" rel=\"attachment wp-att-14427\"><img loading=\"lazy\" decoding=\"async\" class=\"alignnone size-large wp-image-14427\" src=\"https:\/\/travellingdevil.de\/wp-content\/uploads\/2020\/10\/420_2020Bayern.jpg\" alt=\"\" width=\"768\" height=\"1024\" \/><\/a><\/p>\n<p>Die Ausstellung ist wichtig und sehenswert &#8211; auch wenn die Stimmung danach nicht wirklich ausgelassen sein kann. Aber aus der Vergangenheit kann man eben auch lernen und um so mehr darauf achten, dass die Fehler sich nicht wiederholen.<\/p>\n","protected":false},"excerpt":{"rendered":"<p>Mit dem Bus ging es vom Tiergarten N\u00fcrnberg zum n\u00e4chsten Sightseeing-Spot: Dem Reichsparteitagsgel\u00e4nde in N\u00fcrnberg. Ironischerweise ist der Zoo in der umgekehrten Richtung 1932 umgezogen,&#8230;<\/p>\n<div class=\"more-link-wrapper\"><a class=\"more-link\" href=\"https:\/\/www.travellingdevil.de\/?p=14419\">Weiterlesen<span class=\"screen-reader-text\">Reichsparteitagsgel\u00e4nde N\u00fcrnberg<\/span><\/a><\/div>\n","protected":false},"author":3,"featured_media":14420,"comment_status":"open","ping_status":"open","sticky":false,"template":"","format":"standard","meta":{"iawp_total_views":11,"footnotes":""},"categories":[246],"tags":[77,262,265],"class_list":["post-14419","post","type-post","status-publish","format-standard","has-post-thumbnail","hentry","category-bayern2020","tag-77","tag-bayern","tag-nuernberg","entry"],"views":825,"_links":{"self":[{"href":"https:\/\/www.travellingdevil.de\/index.php?rest_route=\/wp\/v2\/posts\/14419","targetHints":{"allow":["GET"]}}],"collection":[{"href":"https:\/\/www.travellingdevil.de\/index.php?rest_route=\/wp\/v2\/posts"}],"about":[{"href":"https:\/\/www.travellingdevil.de\/index.php?rest_route=\/wp\/v2\/types\/post"}],"author":[{"embeddable":true,"href":"https:\/\/www.travellingdevil.de\/index.php?rest_route=\/wp\/v2\/users\/3"}],"replies":[{"embeddable":true,"href":"https:\/\/www.travellingdevil.de\/index.php?rest_route=%2Fwp%2Fv2%2Fcomments&post=14419"}],"version-history":[{"count":4,"href":"https:\/\/www.travellingdevil.de\/index.php?rest_route=\/wp\/v2\/posts\/14419\/revisions"}],"predecessor-version":[{"id":14663,"href":"https:\/\/www.travellingdevil.de\/index.php?rest_route=\/wp\/v2\/posts\/14419\/revisions\/14663"}],"wp:featuredmedia":[{"embeddable":true,"href":"https:\/\/www.travellingdevil.de\/index.php?rest_route=\/wp\/v2\/media\/14420"}],"wp:attachment":[{"href":"https:\/\/www.travellingdevil.de\/index.php?rest_route=%2Fwp%2Fv2%2Fmedia&parent=14419"}],"wp:term":[{"taxonomy":"category","embeddable":true,"href":"https:\/\/www.travellingdevil.de\/index.php?rest_route=%2Fwp%2Fv2%2Fcategories&post=14419"},{"taxonomy":"post_tag","embeddable":true,"href":"https:\/\/www.travellingdevil.de\/index.php?rest_route=%2Fwp%2Fv2%2Ftags&post=14419"}],"curies":[{"name":"wp","href":"https:\/\/api.w.org\/{rel}","templated":true}]}}