{"id":17386,"date":"2022-04-21T13:44:34","date_gmt":"2022-04-21T11:44:34","guid":{"rendered":"https:\/\/www.travellingdevil.de\/?p=17386"},"modified":"2023-04-12T20:17:43","modified_gmt":"2023-04-12T18:17:43","slug":"ab-nach-bern","status":"publish","type":"post","link":"https:\/\/www.travellingdevil.de\/?p=17386","title":{"rendered":"Ab nach Bern"},"content":{"rendered":"<p>Mitte April, ein sch\u00f6ner Morgen so ungef\u00e4hr um 9 Uhr und wir stehen an einer Haltestelle der KVB.<\/p>\n<p><a href=\"https:\/\/www.travellingdevil.de\/?attachment_id=17387\" rel=\"attachment wp-att-17387\"><img loading=\"lazy\" decoding=\"async\" class=\"alignnone size-full wp-image-17387\" src=\"https:\/\/travellingdevil.de\/wp-content\/uploads\/2022\/07\/001_2022Bern.jpg\" alt=\"\" width=\"1024\" height=\"768\" srcset=\"https:\/\/www.travellingdevil.de\/wp-content\/uploads\/2022\/07\/001_2022Bern.jpg 1024w, https:\/\/www.travellingdevil.de\/wp-content\/uploads\/2022\/07\/001_2022Bern-768x576.jpg 768w\" sizes=\"auto, (max-width: 1024px) 100vw, 1024px\" \/><\/a><\/p>\n<p>Warum? Nun, grunds\u00e4tzlich stehen wir hier, um mit der Stra\u00dfenbahn zu fahren und zwar zum K\u00f6lner Hauptbahnhof. Denn dort wollen wir einen Zug erreichen, der uns zum Ziel unseres n\u00e4chsten Kurzurlaubs bringt: Nach Bern!<\/p>\n<p><a href=\"https:\/\/www.travellingdevil.de\/?attachment_id=17388\" rel=\"attachment wp-att-17388\"><img loading=\"lazy\" decoding=\"async\" class=\"alignnone size-large wp-image-17388\" src=\"https:\/\/travellingdevil.de\/wp-content\/uploads\/2022\/07\/002_2022Bern.jpg\" alt=\"\" width=\"1024\" height=\"768\" srcset=\"https:\/\/www.travellingdevil.de\/wp-content\/uploads\/2022\/07\/002_2022Bern.jpg 1024w, https:\/\/www.travellingdevil.de\/wp-content\/uploads\/2022\/07\/002_2022Bern-768x576.jpg 768w\" sizes=\"auto, (max-width: 1024px) 100vw, 1024px\" \/><\/a><\/p>\n<p>Vor ein paar Wochen hatten wir uns \u00fcberlegt, dass wir noch ein verl\u00e4ngertes Wochenende irgendwo in der N\u00e4he verbringen wollen. Bei der Auswahl ist uns, und der Begriff &#8222;N\u00e4he&#8220; ist hier etwas weit ausgelegt, auch die Schweizer Bundesstadt <a href=\"https:\/\/de.wikipedia.org\/wiki\/Bern\">Bern<\/a> (wieder) aufgefallen. Dorthin wollten wir aus mehreren Gr\u00fcnden schon was l\u00e4nger, nicht zuletzt aufgrund der Tatsache, dass Bern auch die &#8222;Bierhauptstadt der Schweiz&#8220; genannt wird.<\/p>\n<p>Also haben wir mal geschaut, wie man da so hinkommt. Fliegen nach Z\u00fcrich und mit der Bahn war die erste Idee, aber da wir es eigentlich versuchen wollen innerhalb von Europa immer nach Alternativen zum Flugzeug zu suchen, haben wir auch eine Bahnfahrt in Betracht gezogen. Und siehe da: In knapp unter 6 Stunden ist man von K\u00f6ln in Bern. Und das sogar zu einem vern\u00fcnftigen Preis in der ersten Klasse &#8211; also gebucht.<\/p>\n<p>Hotel-technisch gibt es in Bern auch ein Swissotel, was zur Accor-Kette geh\u00f6rt, wo wir ja Statuskunden sind und ein paar Vorteile genie\u00dfen &#8211; also auch gebucht.<\/p>\n<p>Und Bern hat diverse Gourmet-Restaurants und wenn man schon einmal da ist, dann g\u00f6nnen wir uns auch was &#8211; also ebenfalls gebucht.<\/p>\n<p>So standen wir dann Donnerstags am Gleis in K\u00f6ln und stiegen in unseren p\u00fcnktlich einfahrenden ICE 515 ein, der uns Richtung S\u00fcden bringen soll.<\/p>\n<p><a href=\"https:\/\/www.travellingdevil.de\/?attachment_id=17389\" rel=\"attachment wp-att-17389\"><img loading=\"lazy\" decoding=\"async\" class=\"alignnone size-large wp-image-17389\" src=\"https:\/\/travellingdevil.de\/wp-content\/uploads\/2022\/07\/003_2022Bern.jpg\" alt=\"\" width=\"1024\" height=\"768\" srcset=\"https:\/\/www.travellingdevil.de\/wp-content\/uploads\/2022\/07\/003_2022Bern.jpg 1024w, https:\/\/www.travellingdevil.de\/wp-content\/uploads\/2022\/07\/003_2022Bern-768x576.jpg 768w\" sizes=\"auto, (max-width: 1024px) 100vw, 1024px\" \/><\/a><\/p>\n<p>Oder besser &#8222;sollte&#8220;, denn kaum sa\u00dfen wir kam eine Durchsage, dass sich die Abfahrt verz\u00f6gert, da der Lokf\u00fchrer, der den Zug Richtung S\u00fcden \u00fcbernehmen sollte, seinerseits in einem versp\u00e4teten Zug sitzt. Also hie\u00df es warten.<\/p>\n<p>Jens wollte noch anbieten, dass er seine jahrelange Erfahrung mit der Holzeisenbahn nutzen k\u00f6nne und das auch \u00fcbernehmen w\u00fcrde, aber Meike hat das verhindert.<\/p>\n<p>Eigentlich war der Plan in Stuttgart umzusteigen und dann \u00fcber die <a href=\"https:\/\/de.wikipedia.org\/wiki\/G%C3%A4ubahn\">G\u00e4ubahn<\/a> nach Z\u00fcrich zu fahren. Darauf hatte sich vor allem Jens gefreut. Aus dem Plan wurde aber nix, denn die Versp\u00e4tung war inzwischen so gro\u00df, dass wir aufgefordert wurden in Mannheim auszusteigen und mit einem anderen ICE in Richtung Basel und dann weiter nach Bern zu fahren.<\/p>\n<p>Also wieder raus aus dem Zug und in Mannheim erst einmal sortiert, denn die Sitzplatzreservierungen waren nat\u00fcrlich nur f\u00fcr die urspr\u00fcngliche Relation vorhanden.<\/p>\n<p><a href=\"https:\/\/www.travellingdevil.de\/?attachment_id=17390\" rel=\"attachment wp-att-17390\"><img loading=\"lazy\" decoding=\"async\" class=\"alignnone size-large wp-image-17390\" src=\"https:\/\/travellingdevil.de\/wp-content\/uploads\/2022\/07\/004_2022Bern.jpg\" alt=\"\" width=\"1024\" height=\"768\" srcset=\"https:\/\/www.travellingdevil.de\/wp-content\/uploads\/2022\/07\/004_2022Bern.jpg 1024w, https:\/\/www.travellingdevil.de\/wp-content\/uploads\/2022\/07\/004_2022Bern-768x576.jpg 768w\" sizes=\"auto, (max-width: 1024px) 100vw, 1024px\" \/><\/a><\/p>\n<p>Am hoffnungslos \u00fcberf\u00fcllten Servicepoint der deutschen Bahn standen wir dann eine ganze Weile an, um dann zu erfahren, dass der ICE nach Basel komplett ausgebucht angezeigt wird und wir unser Gl\u00fcck versuchen m\u00fcssen.<\/p>\n<p>Bei der Aussicht auf 2 Stunden &#8222;im Gang stehen&#8220; war die Stimmung nat\u00fcrlich entsprechend, vor allem, weil wir ja eigentlich bewusst die erste Klasse gebucht hatten.<\/p>\n<p><a href=\"https:\/\/www.travellingdevil.de\/?attachment_id=17391\" rel=\"attachment wp-att-17391\"><img loading=\"lazy\" decoding=\"async\" class=\"alignnone size-large wp-image-17391\" src=\"https:\/\/travellingdevil.de\/wp-content\/uploads\/2022\/07\/005_2022Bern.jpg\" alt=\"\" width=\"768\" height=\"1024\" \/><\/a><\/p>\n<p>Aber wir hatten wirklich Gl\u00fcck, denn wir fanden tats\u00e4chlich noch ein 2-er Sitz, welcher frei war. Die Aussicht war zwar etwas eingeschr\u00e4nkt, aber immerhin sa\u00dfen wir.<\/p>\n<p><a href=\"https:\/\/www.travellingdevil.de\/?attachment_id=17392\" rel=\"attachment wp-att-17392\"><img loading=\"lazy\" decoding=\"async\" class=\"alignnone size-large wp-image-17392\" src=\"https:\/\/travellingdevil.de\/wp-content\/uploads\/2022\/07\/006_2022Bern.jpg\" alt=\"\" width=\"768\" height=\"1024\" \/><\/a><\/p>\n<p>So kamen wir in <a href=\"https:\/\/de.wikipedia.org\/wiki\/Bahnhof_Basel_SBB\">Basel SBB<\/a> an. Spannend war, wie die anderen Fahrg\u00e4ste in der Sekunde als der Zug die Deutsch-Schweizer Grenze \u00fcberquerte die Maske quasi herunterrissen, als ob sie kurz vor dem Erstickungstod waren. Manche Leute haben Probleme &#8230;<\/p>\n<p>In der Schweiz gibt es keine Maskenpflicht in \u00f6ffentlichen Verkehrsmitteln. F\u00fcr uns ungewohnt, da die Bahnen aber auch sehr selten wirklich voll waren, war das kein gro\u00dfes Problem. Es gab aber auch nicht wenige Schweizer, die trotzdem eine Maske trugen.<\/p>\n<p>Umsteigen in Basel also: Raus aus dem ICE nach Z\u00fcrich und ab zum Schweizer InterCity nach Olten.<\/p>\n<p><a href=\"https:\/\/www.travellingdevil.de\/?attachment_id=17393\" rel=\"attachment wp-att-17393\"><img loading=\"lazy\" decoding=\"async\" class=\"alignnone size-large wp-image-17393\" src=\"https:\/\/travellingdevil.de\/wp-content\/uploads\/2022\/07\/007_2022Bern.jpg\" alt=\"\" width=\"768\" height=\"1024\" \/><\/a><\/p>\n<p>Spannend, auch wieder nur f\u00fcr Jens, die Steuerung der verschiedenen Abfahrtzeichen, je nachdem wo es hingeht. Willkommen in Europa (nur mit den Normierungen ist es immer noch was schwer).<\/p>\n<p><a href=\"https:\/\/www.travellingdevil.de\/?attachment_id=17394\" rel=\"attachment wp-att-17394\"><img loading=\"lazy\" decoding=\"async\" class=\"alignnone size-large wp-image-17394\" src=\"https:\/\/travellingdevil.de\/wp-content\/uploads\/2022\/07\/008_2022Bern.jpg\" alt=\"\" width=\"768\" height=\"1024\" \/><\/a><\/p>\n<p>Die <a href=\"https:\/\/de.wikipedia.org\/wiki\/Schweizerische_Bundesbahnen\">Schweizer Bundesbahn<\/a> ist ja f\u00fcr ihre P\u00fcnktlichkeit und ihre gute Ausstattung bekannt. Da wir keine Reservierung hatten, hatten wir kurzzeitig etwas Sorgen, dass wir auch hier nach Pl\u00e4tzen suchen mussten.<\/p>\n<p>Mussten wir weniger &#8230;<\/p>\n<p><a href=\"https:\/\/www.travellingdevil.de\/?attachment_id=17395\" rel=\"attachment wp-att-17395\"><img loading=\"lazy\" decoding=\"async\" class=\"alignnone size-large wp-image-17395\" src=\"https:\/\/travellingdevil.de\/wp-content\/uploads\/2022\/07\/009_2022Bern.jpg\" alt=\"\" width=\"768\" height=\"1024\" \/><\/a><\/p>\n<p>Echt: Wieso kann es solche Z\u00fcge nicht in Deutschland geben? Sauber, relativ p\u00fcnktlich, freundliche Schaffner, keine Asis die die Abteile verdreck &#8230; ach so &#8211; da war ja was in Deutschland, was das verhindert.<\/p>\n<p>Speziell diese Sitzgruppen in der ersten Klasse, die man \u00fcbrigen auch reservieren kann (!), fanden wir exzellent!<\/p>\n<p>Und so ging es von Basel nach <a href=\"https:\/\/de.wikipedia.org\/wiki\/Bahnhof_Olten\">Olten<\/a>, einem Eisenbahnknotenpunkt von dem aus wir dann in einem weiteren IC nach Bern fahren w\u00fcrden.<\/p>\n<p><a href=\"https:\/\/www.travellingdevil.de\/?attachment_id=17396\" rel=\"attachment wp-att-17396\"><img loading=\"lazy\" decoding=\"async\" class=\"alignnone size-large wp-image-17396\" src=\"https:\/\/travellingdevil.de\/wp-content\/uploads\/2022\/07\/010_2022Bern.jpg\" alt=\"\" width=\"1024\" height=\"768\" srcset=\"https:\/\/www.travellingdevil.de\/wp-content\/uploads\/2022\/07\/010_2022Bern.jpg 1024w, https:\/\/www.travellingdevil.de\/wp-content\/uploads\/2022\/07\/010_2022Bern-768x576.jpg 768w\" sizes=\"auto, (max-width: 1024px) 100vw, 1024px\" \/><\/a><\/p>\n<p>Also nach 30 Minuten durch die Kantone Berner Land und Solothurn wieder raus und auf das andere Gleis.<\/p>\n<p><a href=\"https:\/\/www.travellingdevil.de\/?attachment_id=17397\" rel=\"attachment wp-att-17397\"><img loading=\"lazy\" decoding=\"async\" class=\"alignnone size-large wp-image-17397\" src=\"https:\/\/travellingdevil.de\/wp-content\/uploads\/2022\/07\/011_2022Bern.jpg\" alt=\"\" width=\"768\" height=\"1024\" \/><\/a><\/p>\n<p><a href=\"https:\/\/www.travellingdevil.de\/?attachment_id=17398\" rel=\"attachment wp-att-17398\"><img loading=\"lazy\" decoding=\"async\" class=\"alignnone size-large wp-image-17398\" src=\"https:\/\/travellingdevil.de\/wp-content\/uploads\/2022\/07\/012_2022Bern.jpg\" alt=\"\" width=\"1024\" height=\"768\" srcset=\"https:\/\/www.travellingdevil.de\/wp-content\/uploads\/2022\/07\/012_2022Bern.jpg 1024w, https:\/\/www.travellingdevil.de\/wp-content\/uploads\/2022\/07\/012_2022Bern-768x576.jpg 768w\" sizes=\"auto, (max-width: 1024px) 100vw, 1024px\" \/><\/a><\/p>\n<p>Wo dann unser Zug nach Bern einfuhr und wir wieder in die bequeme erste Klasse einstiegen.<\/p>\n<p><a href=\"https:\/\/www.travellingdevil.de\/?attachment_id=17399\" rel=\"attachment wp-att-17399\"><img loading=\"lazy\" decoding=\"async\" class=\"alignnone size-large wp-image-17399\" src=\"https:\/\/travellingdevil.de\/wp-content\/uploads\/2022\/07\/013_2022Bern.jpg\" alt=\"\" width=\"1024\" height=\"768\" srcset=\"https:\/\/www.travellingdevil.de\/wp-content\/uploads\/2022\/07\/013_2022Bern.jpg 1024w, https:\/\/www.travellingdevil.de\/wp-content\/uploads\/2022\/07\/013_2022Bern-768x576.jpg 768w\" sizes=\"auto, (max-width: 1024px) 100vw, 1024px\" \/><\/a><\/p>\n<p>Hier haben wir dann die schon bekannte Sitzgruppe ausprobiert und uns es f\u00fcr die weiteren 30 Minuten nach Bern gem\u00fctlich gemacht.<\/p>\n<p><a href=\"https:\/\/www.travellingdevil.de\/?attachment_id=17400\" rel=\"attachment wp-att-17400\"><img loading=\"lazy\" decoding=\"async\" class=\"alignnone size-large wp-image-17400\" src=\"https:\/\/travellingdevil.de\/wp-content\/uploads\/2022\/07\/014_2022Bern.jpg\" alt=\"\" width=\"1024\" height=\"768\" srcset=\"https:\/\/www.travellingdevil.de\/wp-content\/uploads\/2022\/07\/014_2022Bern.jpg 1024w, https:\/\/www.travellingdevil.de\/wp-content\/uploads\/2022\/07\/014_2022Bern-768x576.jpg 768w\" sizes=\"auto, (max-width: 1024px) 100vw, 1024px\" \/><\/a><\/p>\n<p>Die Schaffnerin auf dieser Strecke hat noch mit uns diskutiert, denn sie war der Auffassung, dass wir nicht eine andere Route h\u00e4tten nehmen d\u00fcrfen. Die DB hatte uns das aber so best\u00e4tigt und mit dem Argument konnten wir sie dann nach kurzer Zeit \u00fcberzeugen. Schade, dass es in diesen modernen Zeiten nicht endlich einheitliche und bei allen bekannte Regelungen gibt.<\/p>\n<p>Am Ende kamen wir sogar 10 Minuten vor dem urspr\u00fcnglichen Plan in Bern an.<\/p>\n<p>Der Bahnhof in Bern ist recht gro\u00df und ist der regionale Knotenpunkt f\u00fcr den \u00f6ffentlichen Nah- und Fernverkehr. Hier fahren sowohl die SBB als auch die Privatbahn <a href=\"https:\/\/de.wikipedia.org\/wiki\/BLS_AG\">BLS<\/a> sowie die Schmalspurbahnen der &#8222;<a href=\"https:\/\/de.wikipedia.org\/wiki\/Regionalverkehr_Bern%E2%80%93Solothurn\">Regionalverkehr Bern-Solothurn<\/a>&#8222;. Und die S-Bahn Berns. Und die Tram.<\/p>\n<p>Letztere verwendeten wir, um einmal quer durch die Stadt zu unserem <a href=\"https:\/\/www.swissotel.de\/hotels\/bern\/\">Hotel am Kurhaus<\/a> zu fahren.<\/p>\n<p>Der Vorplatz vor dem Bahnhof war von einigen eher suspekten Gestalten bev\u00f6lkert und auch so war ein unglaubliches Gewusel, was uns im ersten Moment doch etwas st\u00f6rte. Also ab in die Tram, die \u00fcbrigens kostenlos war, da wir in einem Hotel in Bern \u00fcbernachten. Hierdurch ist n\u00e4mlich der \u00d6PNV mit inkludiert, man braucht nur die Reservierungsnummer in einer <a href=\"https:\/\/www.bern.com\/de\/bern-ticket\">App<\/a> einzugeben und hat f\u00fcr den Aufenthalt eine Fahrkarte f\u00fcr den Raum Bern Grandios einfach und super bequem!<\/p>\n<p><a href=\"https:\/\/www.travellingdevil.de\/?attachment_id=17401\" rel=\"attachment wp-att-17401\"><img loading=\"lazy\" decoding=\"async\" class=\"alignnone size-large wp-image-17401\" src=\"https:\/\/travellingdevil.de\/wp-content\/uploads\/2022\/07\/015_2022Bern.jpg\" alt=\"\" width=\"768\" height=\"1024\" \/><\/a><\/p>\n<p>Nach kurzer Fahrt durch die Altstadt und \u00fcber eine Br\u00fccke \u00fcber die <a href=\"https:\/\/de.wikipedia.org\/wiki\/Aare\">Aare<\/a> kamen wir am Kurhaus an. Hier befindet sich neben einem Casino und zwei Restaurants auch unser Hotel.<\/p>\n<p><a href=\"https:\/\/www.travellingdevil.de\/?attachment_id=17402\" rel=\"attachment wp-att-17402\"><img loading=\"lazy\" decoding=\"async\" class=\"alignnone size-large wp-image-17402\" src=\"https:\/\/travellingdevil.de\/wp-content\/uploads\/2022\/07\/016_2022Bern.jpg\" alt=\"\" width=\"1024\" height=\"768\" srcset=\"https:\/\/www.travellingdevil.de\/wp-content\/uploads\/2022\/07\/016_2022Bern.jpg 1024w, https:\/\/www.travellingdevil.de\/wp-content\/uploads\/2022\/07\/016_2022Bern-768x576.jpg 768w\" sizes=\"auto, (max-width: 1024px) 100vw, 1024px\" \/><\/a><\/p>\n<p>Wie gesagt: Das Swissotel geh\u00f6rt zur Accor-Gruppe und da wir schon was l\u00e4nger hier einen Gold-Status haben (den wir uns \u00fcber unsere Urlaube immer wieder verl\u00e4ngern) gibt es ein paar Vorteile wie ein Gratis Upgrade, Getr\u00e4nke auf dem Zimmer und ein Geschenk.<\/p>\n<p><a href=\"https:\/\/www.travellingdevil.de\/?attachment_id=17403\" rel=\"attachment wp-att-17403\"><img loading=\"lazy\" decoding=\"async\" class=\"alignnone size-large wp-image-17403\" src=\"https:\/\/travellingdevil.de\/wp-content\/uploads\/2022\/07\/017_2022Bern.jpg\" alt=\"\" width=\"1024\" height=\"768\" srcset=\"https:\/\/www.travellingdevil.de\/wp-content\/uploads\/2022\/07\/017_2022Bern.jpg 1024w, https:\/\/www.travellingdevil.de\/wp-content\/uploads\/2022\/07\/017_2022Bern-768x576.jpg 768w\" sizes=\"auto, (max-width: 1024px) 100vw, 1024px\" \/><\/a><\/p>\n<p>Eine sch\u00f6ne Ankunft, sch\u00f6ner Blick auf den kleinen Gartenbereich des Restaurants und allgemein gute Stimmung.<\/p>\n<p><a href=\"https:\/\/www.travellingdevil.de\/?attachment_id=17404\" rel=\"attachment wp-att-17404\"><img loading=\"lazy\" decoding=\"async\" class=\"alignnone size-large wp-image-17404\" src=\"https:\/\/travellingdevil.de\/wp-content\/uploads\/2022\/07\/018_2022Bern.jpg\" alt=\"\" width=\"1024\" height=\"768\" srcset=\"https:\/\/www.travellingdevil.de\/wp-content\/uploads\/2022\/07\/018_2022Bern.jpg 1024w, https:\/\/www.travellingdevil.de\/wp-content\/uploads\/2022\/07\/018_2022Bern-768x576.jpg 768w\" sizes=\"auto, (max-width: 1024px) 100vw, 1024px\" \/><\/a><\/p>\n<p>Die dann noch durch einen Besuch in der Hotelbar und der Einl\u00f6sung des ebenfalls zum Status geh\u00f6renden Getr\u00e4nkegutscheins verst\u00e4rkt wurde &#8211; so kann ein Urlaub beginnen!<\/p>\n<p><a href=\"https:\/\/www.travellingdevil.de\/?attachment_id=17405\" rel=\"attachment wp-att-17405\"><img loading=\"lazy\" decoding=\"async\" class=\"alignnone size-large wp-image-17405\" src=\"https:\/\/travellingdevil.de\/wp-content\/uploads\/2022\/07\/019_2022Bern.jpg\" alt=\"\" width=\"768\" height=\"1024\" \/><\/a><\/p>\n","protected":false},"excerpt":{"rendered":"<p>Mitte April, ein sch\u00f6ner Morgen so ungef\u00e4hr um 9 Uhr und wir stehen an einer Haltestelle der KVB. Warum? Nun, grunds\u00e4tzlich stehen wir hier, um&#8230;<\/p>\n<div class=\"more-link-wrapper\"><a class=\"more-link\" href=\"https:\/\/www.travellingdevil.de\/?p=17386\">Weiterlesen<span class=\"screen-reader-text\">Ab nach Bern<\/span><\/a><\/div>\n","protected":false},"author":3,"featured_media":17395,"comment_status":"open","ping_status":"open","sticky":false,"template":"","format":"standard","meta":{"iawp_total_views":5,"footnotes":""},"categories":[311],"tags":[306,314,67,315],"class_list":["post-17386","post","type-post","status-publish","format-standard","has-post-thumbnail","hentry","category-bern2022","tag-306","tag-bern","tag-eisenbahn","tag-schweiz","entry"],"views":456,"_links":{"self":[{"href":"https:\/\/www.travellingdevil.de\/index.php?rest_route=\/wp\/v2\/posts\/17386","targetHints":{"allow":["GET"]}}],"collection":[{"href":"https:\/\/www.travellingdevil.de\/index.php?rest_route=\/wp\/v2\/posts"}],"about":[{"href":"https:\/\/www.travellingdevil.de\/index.php?rest_route=\/wp\/v2\/types\/post"}],"author":[{"embeddable":true,"href":"https:\/\/www.travellingdevil.de\/index.php?rest_route=\/wp\/v2\/users\/3"}],"replies":[{"embeddable":true,"href":"https:\/\/www.travellingdevil.de\/index.php?rest_route=%2Fwp%2Fv2%2Fcomments&post=17386"}],"version-history":[{"count":2,"href":"https:\/\/www.travellingdevil.de\/index.php?rest_route=\/wp\/v2\/posts\/17386\/revisions"}],"predecessor-version":[{"id":17522,"href":"https:\/\/www.travellingdevil.de\/index.php?rest_route=\/wp\/v2\/posts\/17386\/revisions\/17522"}],"wp:featuredmedia":[{"embeddable":true,"href":"https:\/\/www.travellingdevil.de\/index.php?rest_route=\/wp\/v2\/media\/17395"}],"wp:attachment":[{"href":"https:\/\/www.travellingdevil.de\/index.php?rest_route=%2Fwp%2Fv2%2Fmedia&parent=17386"}],"wp:term":[{"taxonomy":"category","embeddable":true,"href":"https:\/\/www.travellingdevil.de\/index.php?rest_route=%2Fwp%2Fv2%2Fcategories&post=17386"},{"taxonomy":"post_tag","embeddable":true,"href":"https:\/\/www.travellingdevil.de\/index.php?rest_route=%2Fwp%2Fv2%2Ftags&post=17386"}],"curies":[{"name":"wp","href":"https:\/\/api.w.org\/{rel}","templated":true}]}}