{"id":28383,"date":"2025-07-17T16:00:15","date_gmt":"2025-07-17T14:00:15","guid":{"rendered":"https:\/\/www.travellingdevil.de\/?p=28383"},"modified":"2025-07-30T20:17:14","modified_gmt":"2025-07-30T18:17:14","slug":"we-just-got-deutsche-bahned","status":"publish","type":"post","link":"https:\/\/www.travellingdevil.de\/?p=28383","title":{"rendered":"We just got &#8222;Deutsche Bahn&#8220;ed"},"content":{"rendered":"<p>Es war wie so oft: Spontane Ideen sind die besten Ideen. So auch dieser kleine St\u00e4dtetrip, der uns in eine f\u00fcr uns unbekannte Stadt bringen sollte. Aber der Reihe nach:<\/p>\n<p>Meike hatte irgendwann mal gesagt, dass sie ja zum vorerst letzten Mal dienstlich nach Wiesbaden f\u00e4hrt. Und da wir diese Anl\u00e4sse das ein oder andere Mal zu einem Kurztrip genutzt haben, war die Idee schnell geboren, noch einmal eine kleine Reise zu machen.<\/p>\n<p>Schnell also via chronotrains gesucht, wo man innerhalb von 3 Stunden mit der Bahn hinkommt und schon war Strasbourg als Ziel auserkoren. Eine sch\u00f6ne Stadt, els\u00e4ssische Weine gefallen uns auch oft, gutes Essen w\u00fcrde es da auch geben. Meike k\u00f6nnte von Wiesbaden nach Frankfurt kommen, Jens von K\u00f6ln aus. Und dann mit dem ICE oder dem TGV, beide fahren via Strasbourg nach Paris von Frankfurt aus, weiter. Soweit die Idee.<\/p>\n<p>Meike machte den Anfang und fuhr morgens zum Bahnhof K\u00f6ln-Deutz, von wo aus sie mit dem ICE nach Wiesbaden fahren wollte. Die aktuellen Probleme der deutschen Bahn werden ja \u00fcberall ausreichend bejammert, also brauchen wir das ja hier nicht noch zus\u00e4tzlich zu tun. Meikes Zug war sogar \u00fcber-p\u00fcnktlich obwohl die Bahn urspr\u00fcnglich eine Versp\u00e4tung von 20 Minuten angezeigt hatte. Ihre Kollegen fuhren allerdings mit einem anderen Zug &#8211; Absprache lernen wir dann noch sp\u00e4ter, zumindest bei unserem Arbeitgeber.<\/p>\n<p><a href=\"https:\/\/www.travellingdevil.de\/?attachment_id=28384\" rel=\"attachment wp-att-28384\"><img loading=\"lazy\" decoding=\"async\" class=\"alignnone size-full wp-image-28384\" src=\"https:\/\/www.travellingdevil.de\/wp-content\/uploads\/2025\/07\/001_2025Strasbourg.jpg\" alt=\"\" width=\"768\" height=\"1024\" \/><\/a><\/p>\n<p>Jens wollte den Vormittag arbeiten, dann mit dem Koffer zum Hauptbahnhof fahren und mit einem ICE zu fahren, der in K\u00f6ln beginnt und nur bis nach Frankfurt f\u00e4hrt.<\/p>\n<p>Soweit die Idee. Bis dann die DB App folgendes zeigte:<\/p>\n<p><a href=\"https:\/\/www.travellingdevil.de\/?attachment_id=28385\" rel=\"attachment wp-att-28385\"><img loading=\"lazy\" decoding=\"async\" class=\"alignnone size-large wp-image-28385\" src=\"https:\/\/www.travellingdevil.de\/wp-content\/uploads\/2025\/07\/003_2025Strasbourg.jpg\" alt=\"\" width=\"505\" height=\"1024\" \/><\/a><\/p>\n<p>Jaaaa &#8230; toll! Also schnell nach einer Alternative gesucht. Und da bekannt war, dass der Ausfall eines Stellwerkes in Siegburg bedeutete, dass alle Z\u00fcge zwischen Siegburg und Montabaur auf der Schnellfahrstrecke nur mit geringer Geschwindigkeit und in gr\u00f6\u00dferen Abst\u00e4nden fahren konnten. Also einen Sitzplatz in einem einiges fr\u00fcheren Zug gebucht und dabei auch gleich auf eine Abfahrt von Deutz aus gewechselt.<\/p>\n<p><a href=\"https:\/\/www.travellingdevil.de\/?attachment_id=28386\" rel=\"attachment wp-att-28386\"><img loading=\"lazy\" decoding=\"async\" class=\"alignnone size-large wp-image-28386\" src=\"https:\/\/www.travellingdevil.de\/wp-content\/uploads\/2025\/07\/004_2025Strasbourg.jpg\" alt=\"\" width=\"768\" height=\"1024\" \/><\/a><\/p>\n<p>Ja, die M\u00fchlheimer Br\u00fccke ist immer noch gesperrt und ja, das nervt.<\/p>\n<p>W\u00e4hrenddessen genoss Meike den Mittag in einem Mainzer Restaurant am Rhein und \u00e4rgerte Jens, der in einer immer gr\u00f6\u00dfer werdenden Meute von Passagieren auf den ICE wartete, mit solchen Bildern.<\/p>\n<p><a href=\"https:\/\/www.travellingdevil.de\/?attachment_id=28387\" rel=\"attachment wp-att-28387\"><img loading=\"lazy\" decoding=\"async\" class=\"alignnone size-large wp-image-28387\" src=\"https:\/\/www.travellingdevil.de\/wp-content\/uploads\/2025\/07\/005_2025Strasbourg.jpg\" alt=\"\" width=\"768\" height=\"1024\" \/><\/a><\/p>\n<p>Irgendwann kam dann der ICE nach M\u00fcnchen, welcher Jens nach Frankfurt bringen sollte.<\/p>\n<p><a href=\"https:\/\/www.travellingdevil.de\/?attachment_id=28388\" rel=\"attachment wp-att-28388\"><img loading=\"lazy\" decoding=\"async\" class=\"alignnone size-large wp-image-28388\" src=\"https:\/\/www.travellingdevil.de\/wp-content\/uploads\/2025\/07\/006_2025Strasbourg.jpg\" alt=\"\" width=\"768\" height=\"1024\" \/><\/a><\/p>\n<p>Weiterhin kamen die Bilder aus Mainz &#8230; NICHT HILFREICH!<\/p>\n<p><a href=\"https:\/\/www.travellingdevil.de\/?attachment_id=28389\" rel=\"attachment wp-att-28389\"><img loading=\"lazy\" decoding=\"async\" class=\"alignnone size-large wp-image-28389\" src=\"https:\/\/www.travellingdevil.de\/wp-content\/uploads\/2025\/07\/007_2025Strasbourg.jpg\" alt=\"\" width=\"1024\" height=\"768\" srcset=\"https:\/\/www.travellingdevil.de\/wp-content\/uploads\/2025\/07\/007_2025Strasbourg.jpg 1024w, https:\/\/www.travellingdevil.de\/wp-content\/uploads\/2025\/07\/007_2025Strasbourg-768x576.jpg 768w\" sizes=\"auto, (max-width: 1024px) 100vw, 1024px\" \/><\/a><\/p>\n<p><a href=\"https:\/\/www.travellingdevil.de\/?attachment_id=28390\" rel=\"attachment wp-att-28390\"><img loading=\"lazy\" decoding=\"async\" class=\"alignnone size-large wp-image-28390\" src=\"https:\/\/www.travellingdevil.de\/wp-content\/uploads\/2025\/07\/008_2025Strasbourg.jpg\" alt=\"\" width=\"1024\" height=\"768\" srcset=\"https:\/\/www.travellingdevil.de\/wp-content\/uploads\/2025\/07\/008_2025Strasbourg.jpg 1024w, https:\/\/www.travellingdevil.de\/wp-content\/uploads\/2025\/07\/008_2025Strasbourg-768x576.jpg 768w\" sizes=\"auto, (max-width: 1024px) 100vw, 1024px\" \/><\/a><\/p>\n<p>Denn Jens ICE, wobei er immerhin ja da war und Jens sitzen konnte, stand und stand und stand. Denn das Personal, was den Zug hier \u00fcbernehmen sollte, war nicht da und daher hie\u00df es: Warten! Und &#8222;Jet Lag: The Game&#8220; schauen, wo wir die Phrase &#8222;We just got &#8218;deutsch Bahned'&#8220; her haben, denn Sam, Adam und Ben wurden dort oft von der deutsche Bahn im Stich gelassen. Was witzig ist, wenn man die DB mit dem nordamerikanischen Bahnnetz vergleicht, denn da kann man nicht &#8222;Amtracked&#8220; werden, denn die fahren ja auch nur 3 Mal in der Woche &#8230;<\/p>\n<p>Mit bahn.expert wurde klar: Fehlerfrei w\u00fcrde diese Fahrt nicht werden.<\/p>\n<p><a href=\"https:\/\/www.travellingdevil.de\/?attachment_id=28391\" rel=\"attachment wp-att-28391\"><img loading=\"lazy\" decoding=\"async\" class=\"alignnone size-large wp-image-28391\" src=\"https:\/\/www.travellingdevil.de\/wp-content\/uploads\/2025\/07\/009_2025Strasbourg.jpg\" alt=\"\" width=\"461\" height=\"1024\" \/><\/a><\/p>\n<p>Gut, mit einem Sitzplatz in der ersten Klasse und bei funktionierender Klimaanlage ist das ein kleines Problem. Nachdem es dann los ging lie\u00dfen die h\u00e4ufigen Stops Jens zwar ein wenig Schwitzen aber hinter Montabaur legte das Fachpersonal mal kurz den sechsten oder siebten Gang ein und bretterte mit 300 km\/h nach S\u00fcden.<\/p>\n<p><a href=\"https:\/\/www.travellingdevil.de\/?attachment_id=28392\" rel=\"attachment wp-att-28392\"><img loading=\"lazy\" decoding=\"async\" class=\"alignnone size-large wp-image-28392\" src=\"https:\/\/www.travellingdevil.de\/wp-content\/uploads\/2025\/07\/010_2025Strasbourg.jpg\" alt=\"\" width=\"1024\" height=\"768\" srcset=\"https:\/\/www.travellingdevil.de\/wp-content\/uploads\/2025\/07\/010_2025Strasbourg.jpg 1024w, https:\/\/www.travellingdevil.de\/wp-content\/uploads\/2025\/07\/010_2025Strasbourg-768x576.jpg 768w\" sizes=\"auto, (max-width: 1024px) 100vw, 1024px\" \/><\/a><\/p>\n<p>Und so kam Jens dann tats\u00e4chlich um 15:24 endlich in Frankfurt an. Mit dem urspr\u00fcnglichen aber ausgefallenen ICE w\u00e4re es 15:23 gewesen. Alles also im Plan. Zumindest bei Jens.<\/p>\n","protected":false},"excerpt":{"rendered":"<p>Es war wie so oft: Spontane Ideen sind die besten Ideen. So auch dieser kleine St\u00e4dtetrip, der uns in eine f\u00fcr uns unbekannte Stadt bringen&#8230;<\/p>\n<div class=\"more-link-wrapper\"><a class=\"more-link\" href=\"https:\/\/www.travellingdevil.de\/?p=28383\">Weiterlesen<span class=\"screen-reader-text\">We just got &#8222;Deutsche Bahn&#8220;ed<\/span><\/a><\/div>\n","protected":false},"author":3,"featured_media":28385,"comment_status":"open","ping_status":"open","sticky":false,"template":"","format":"standard","meta":{"iawp_total_views":29,"footnotes":""},"categories":[480],"tags":[448,67,444,307],"class_list":["post-28383","post","type-post","status-publish","format-standard","has-post-thumbnail","hentry","category-strasbourg2025","tag-448","tag-eisenbahn","tag-frankfurt","tag-koeln","entry"],"views":243,"_links":{"self":[{"href":"https:\/\/www.travellingdevil.de\/index.php?rest_route=\/wp\/v2\/posts\/28383","targetHints":{"allow":["GET"]}}],"collection":[{"href":"https:\/\/www.travellingdevil.de\/index.php?rest_route=\/wp\/v2\/posts"}],"about":[{"href":"https:\/\/www.travellingdevil.de\/index.php?rest_route=\/wp\/v2\/types\/post"}],"author":[{"embeddable":true,"href":"https:\/\/www.travellingdevil.de\/index.php?rest_route=\/wp\/v2\/users\/3"}],"replies":[{"embeddable":true,"href":"https:\/\/www.travellingdevil.de\/index.php?rest_route=%2Fwp%2Fv2%2Fcomments&post=28383"}],"version-history":[{"count":4,"href":"https:\/\/www.travellingdevil.de\/index.php?rest_route=\/wp\/v2\/posts\/28383\/revisions"}],"predecessor-version":[{"id":28630,"href":"https:\/\/www.travellingdevil.de\/index.php?rest_route=\/wp\/v2\/posts\/28383\/revisions\/28630"}],"wp:featuredmedia":[{"embeddable":true,"href":"https:\/\/www.travellingdevil.de\/index.php?rest_route=\/wp\/v2\/media\/28385"}],"wp:attachment":[{"href":"https:\/\/www.travellingdevil.de\/index.php?rest_route=%2Fwp%2Fv2%2Fmedia&parent=28383"}],"wp:term":[{"taxonomy":"category","embeddable":true,"href":"https:\/\/www.travellingdevil.de\/index.php?rest_route=%2Fwp%2Fv2%2Fcategories&post=28383"},{"taxonomy":"post_tag","embeddable":true,"href":"https:\/\/www.travellingdevil.de\/index.php?rest_route=%2Fwp%2Fv2%2Ftags&post=28383"}],"curies":[{"name":"wp","href":"https:\/\/api.w.org\/{rel}","templated":true}]}}