{"id":28427,"date":"2025-07-18T15:58:14","date_gmt":"2025-07-18T13:58:14","guid":{"rendered":"https:\/\/www.travellingdevil.de\/?p=28427"},"modified":"2025-08-03T20:15:01","modified_gmt":"2025-08-03T18:15:01","slug":"kreuz-und-quer-durch-die-altstadt-von-strasbourg","status":"publish","type":"post","link":"https:\/\/www.travellingdevil.de\/?p=28427","title":{"rendered":"Kreuz und quer durch die Altstadt von Strasbourg"},"content":{"rendered":"<p>Der heutige Freitag war unter dem Motto &#8222;Wir schauen uns mal Stra\u00dfburg an!&#8220; gestellt. Insofern hatten wir mal wieder unsere &#8222;GPSmyCity&#8220;-App mit allen Routen geladen, duschten noch kurz und machten uns dann auf die Stadt zu erkunden.<\/p>\n<p>Von unserem Hotel aus standen wir ja direkt an einen Arm der Ill, welche die Altstadt quasi einrahmt. Der Bereich von der Grande-\u00cele bis zur Neustadt ist tats\u00e4chlich sogar eine von der UNESCO gelistete St\u00e4tte des Weltkulturerbes. 1988 wurde zun\u00e4chst nur die mittelalterliche Altstadt auf der Grande \u00cele in die Welterbeliste eingetragen, 2017 wurde die St\u00e4tte um die Neustadt aus dem sp\u00e4ten 19. Jahrhundert erweitert.<\/p>\n<p><a href=\"https:\/\/www.travellingdevil.de\/?attachment_id=28428\" rel=\"attachment wp-att-28428\"><img loading=\"lazy\" decoding=\"async\" class=\"alignnone size-full wp-image-28428\" src=\"https:\/\/www.travellingdevil.de\/wp-content\/uploads\/2025\/07\/040_2025Strasbourg.jpg\" alt=\"\" width=\"1024\" height=\"768\" srcset=\"https:\/\/www.travellingdevil.de\/wp-content\/uploads\/2025\/07\/040_2025Strasbourg.jpg 1024w, https:\/\/www.travellingdevil.de\/wp-content\/uploads\/2025\/07\/040_2025Strasbourg-768x576.jpg 768w\" sizes=\"auto, (max-width: 1024px) 100vw, 1024px\" \/><\/a><\/p>\n<p>Das sah gestern Abend schon sch\u00f6n aus und heute morgen war das auch immer noch so. Die Anzahl an Touristen war auch noch \u00fcberschaubar &#8211; also fingen wir einfach mal mit unserer Tour an. Die mit vielen Fotos dokumentiert werden sollte, denn es war hier wirklich sehr, sehr sch\u00f6n!<\/p>\n<p><a href=\"https:\/\/www.travellingdevil.de\/?attachment_id=28429\" rel=\"attachment wp-att-28429\"><img loading=\"lazy\" decoding=\"async\" class=\"alignnone size-large wp-image-28429\" src=\"https:\/\/www.travellingdevil.de\/wp-content\/uploads\/2025\/07\/041_2025Strasbourg.jpg\" alt=\"\" width=\"1024\" height=\"768\" srcset=\"https:\/\/www.travellingdevil.de\/wp-content\/uploads\/2025\/07\/041_2025Strasbourg.jpg 1024w, https:\/\/www.travellingdevil.de\/wp-content\/uploads\/2025\/07\/041_2025Strasbourg-768x576.jpg 768w\" sizes=\"auto, (max-width: 1024px) 100vw, 1024px\" \/><\/a><\/p>\n<p><a href=\"https:\/\/www.travellingdevil.de\/?attachment_id=28430\" rel=\"attachment wp-att-28430\"><img loading=\"lazy\" decoding=\"async\" class=\"alignnone size-large wp-image-28430\" src=\"https:\/\/www.travellingdevil.de\/wp-content\/uploads\/2025\/07\/042_2025Strasbourg.jpg\" alt=\"\" width=\"1024\" height=\"768\" srcset=\"https:\/\/www.travellingdevil.de\/wp-content\/uploads\/2025\/07\/042_2025Strasbourg.jpg 1024w, https:\/\/www.travellingdevil.de\/wp-content\/uploads\/2025\/07\/042_2025Strasbourg-768x576.jpg 768w\" sizes=\"auto, (max-width: 1024px) 100vw, 1024px\" \/><\/a><\/p>\n<p><a href=\"https:\/\/www.travellingdevil.de\/?attachment_id=28431\" rel=\"attachment wp-att-28431\"><img loading=\"lazy\" decoding=\"async\" class=\"alignnone size-large wp-image-28431\" src=\"https:\/\/www.travellingdevil.de\/wp-content\/uploads\/2025\/07\/043_2025Strasbourg.jpg\" alt=\"\" width=\"1024\" height=\"768\" srcset=\"https:\/\/www.travellingdevil.de\/wp-content\/uploads\/2025\/07\/043_2025Strasbourg.jpg 1024w, https:\/\/www.travellingdevil.de\/wp-content\/uploads\/2025\/07\/043_2025Strasbourg-768x576.jpg 768w\" sizes=\"auto, (max-width: 1024px) 100vw, 1024px\" \/><\/a><\/p>\n<p>Stra\u00dfburg liegt am linken Ufer des Oberrheins. Die Stadt geht auf ein im Jahre 12 v. Chr. gegr\u00fcndetes r\u00f6misches Milit\u00e4rlager namens Argentoratum zur\u00fcck. Im 4. Jahrhundert wurde sie Bischofssitz. Im Mittelalter geh\u00f6rte die Stadt als Freie Reichsstadt zum Heiligen R\u00f6mischen Reich, 1681 wurde sie durch Frankreich besetzt, das den Rhein als seine nat\u00fcrliche Grenze ansah. Nach dem Deutsch-Franz\u00f6sischen Krieg wurde Stra\u00dfburg 1871 als Hauptstadt des Reichslandes Elsa\u00df-Lothringen Bestandteil des neu gegr\u00fcndeten Deutschen Reiches, bis es 1919 nach dem Ersten Weltkrieg im Friedensvertrag von Versailles wieder Frankreich zugesprochen wurde.<\/p>\n<p>Die Lage im Grenzgebiet zwischen dem deutschen (germanischen) und franz\u00f6sischen (romanischen) Sprach- und Kulturraum und der mehrmalige Wechsel zwischen den beiden M\u00e4chten hat die Entwicklung des Stadtbilds Stra\u00dfburgs \u00fcber Jahrhunderte gepr\u00e4gt.<\/p>\n<p>Die Stadt ist Hauptort des D\u00e9partements Bas-Rhin, das seit Januar 2021 auch Mitglied der Europ\u00e4ischen Gebietsk\u00f6rperschaft Elsass ist, und Sitz des Regionalrats und des Regionspr\u00e4fekten der Region Grand Est. Die Pr\u00e4fektur verwaltet auch das Arrondissement Strasbourg, das aus 33 Gemeinden besteht. Mit knapp 300.000 Einwohnern in der Kernstadt und 790.000 Einwohnern in der Aire urbaine auf franz\u00f6sischem Boden ist Stra\u00dfburg mit Abstand die gr\u00f6\u00dfte Stadt im Grand Est.<\/p>\n<p>Stra\u00dfburg ist Sitz zahlreicher europ\u00e4ischer Einrichtungen, unter anderem Europarat, Europaparlament, Europ\u00e4ischer Gerichtshof f\u00fcr Menschenrechte, Europ\u00e4ischer B\u00fcrgerbeauftragter und Eurokorps. Aufgrund dessen versteht sich die Stadt als &#8222;Hauptstadt Europas&#8220;.<\/p>\n<p><a href=\"https:\/\/www.travellingdevil.de\/?attachment_id=28432\" rel=\"attachment wp-att-28432\"><img loading=\"lazy\" decoding=\"async\" class=\"alignnone size-large wp-image-28432\" src=\"https:\/\/www.travellingdevil.de\/wp-content\/uploads\/2025\/07\/044_2025Strasbourg.jpg\" alt=\"\" width=\"768\" height=\"1024\"><\/a><\/p>\n<p>Die Grande-\u00cele, die gro\u00dfe Insel, ist die Altstadt von Stra\u00dfburg. Sie liegt auf einer Insel zwischen zwei Armen des Flusses Ill. Diesen lasen wir \u00fcbrigens das ganze Wochenende als &#8222;I 2&#8220;. Unsere Hirne sind halt manchmal auch einfach gestrickt &#8230;<\/p>\n<p>Die Insel ist etwa 1,25 km lang und bis zu 750 m breit. Auf der Insel liegen der Kl\u00e9berplatz mit der klassizistischen ehemaligen Hauptwache Aubette, das gotische Stra\u00dfburger M\u00fcnster, die Kathedrale des Erzbistums Stra\u00dfburg, und vier weitere mittelalterliche Kirchen. Zu den h\u00f4tel particulier genannten Stadtpalais auf der Insel z\u00e4hlen unter anderen das Palais Rohan, das H\u00f4tel de Hanau (seit 1805 Rathaus der Stadt), das H\u00f4tel des Deux-Ponts, Sitz des Milit\u00e4rgouverneurs, und das Erzbisch\u00f6fliche Palais.<\/p>\n<p>Wir staunten \u00fcber die vielen sch\u00f6nen H\u00e4user, schauten mal links, schauten mal rechts und machten viele Fotos.<\/p>\n<p><a href=\"https:\/\/www.travellingdevil.de\/?attachment_id=28433\" rel=\"attachment wp-att-28433\"><img loading=\"lazy\" decoding=\"async\" class=\"alignnone size-large wp-image-28433\" src=\"https:\/\/www.travellingdevil.de\/wp-content\/uploads\/2025\/07\/045_2025Strasbourg.jpg\" alt=\"\" width=\"768\" height=\"1024\"><\/a><\/p>\n<p>Erster Halt war der Palais Rohan, eines der bedeutendsten Bauwerke der Stadt, das seit dem Ende des 19. Jahrhunderts drei der wichtigsten Museen der Stadt beherbergt: das Arch\u00e4ologische Museum, das Kunstgewerbemuseum und das Museum f\u00fcr sch\u00f6ne K\u00fcnste. Daf\u00fcr hatten wir aber keine Zeit, das gute Wetter wollte ausgenutzt werden.<\/p>\n<p>Der Palast wurde 1731 bis 1742 im Auftrag des Kardinals Armand-Gaston-Maximilien de Rohan-Soubise vom Architekten Joseph Massol (1706\u20131771) nach einer Bauvorlage von Robert de Cotte an der Stelle errichtet, auf der sich zuvor die ehemalige Bischofsresidenz der Erzbisch\u00f6fe von Stra\u00dfburg erhoben hatte.<\/p>\n<p><a href=\"https:\/\/www.travellingdevil.de\/?attachment_id=28434\" rel=\"attachment wp-att-28434\"><img loading=\"lazy\" decoding=\"async\" class=\"alignnone size-large wp-image-28434\" src=\"https:\/\/www.travellingdevil.de\/wp-content\/uploads\/2025\/07\/046_2025Strasbourg.jpg\" alt=\"\" width=\"768\" height=\"1024\"><\/a><\/p>\n<p>Viele bekannte Personen hielten sich hier auf: 1744 zum Beispiel Ludwig XV., 1770 dann Marie-Antoinette auf ihrem Brautzug von Wien nach Versailles. Was immer auch ein Brautzug ist. 1805, 1806 und 1809 hielt sich Napoleon Bonaparte im Palast auf und lie\u00df einige R\u00e4ume nach seinem Geschmack und jenem seiner Frau Jos\u00e9phine de Beauharnais umgestalten.<\/p>\n<p><a href=\"https:\/\/www.travellingdevil.de\/?attachment_id=28435\" rel=\"attachment wp-att-28435\"><img loading=\"lazy\" decoding=\"async\" class=\"alignnone size-large wp-image-28435\" src=\"https:\/\/www.travellingdevil.de\/wp-content\/uploads\/2025\/07\/047_2025Strasbourg.jpg\" alt=\"\" width=\"1024\" height=\"768\" srcset=\"https:\/\/www.travellingdevil.de\/wp-content\/uploads\/2025\/07\/047_2025Strasbourg.jpg 1024w, https:\/\/www.travellingdevil.de\/wp-content\/uploads\/2025\/07\/047_2025Strasbourg-768x576.jpg 768w\" sizes=\"auto, (max-width: 1024px) 100vw, 1024px\" \/><\/a><\/p>\n<p>Zwischen 1872 bis 1898 diente der Palast dann einem anderen Zweck, n\u00e4mlich als Hauptgeb\u00e4ude der nunmehr kaiserlich-deutschen Universit\u00e4t Stra\u00dfburg. Danach wurde, so ab 1898, der Palast zum Sitz der nunmehr kaiserlichen Museen Stra\u00dfburgs.<\/p>\n<p>Am 11. August 1944 wurde das Geb\u00e4ude von britischen und amerikanischen Bomben besch\u00e4digt. Die Wiederherstellung der R\u00e4umlichkeiten wurde erst in den 1990er Jahren abgeschlossen.<\/p>\n<p>Und heute kann man sich an der Architektur und dem Ambiente erfreuen.<\/p>\n<p><a href=\"https:\/\/www.travellingdevil.de\/?attachment_id=28436\" rel=\"attachment wp-att-28436\"><img loading=\"lazy\" decoding=\"async\" class=\"alignnone size-large wp-image-28436\" src=\"https:\/\/www.travellingdevil.de\/wp-content\/uploads\/2025\/07\/048_2025Strasbourg.jpg\" alt=\"\" width=\"768\" height=\"1024\"><\/a><\/p>\n<p>Direkt daneben dann eines der Highlights: Das &#8222;M\u00fcnster Unserer Lieben Frau zu Stra\u00dfburg&#8220;, auf franz\u00f6sisch Cath\u00e9drale Notre-Dame de Strasbourg, kurz auch als &#8222;Stra\u00dfburger M\u00fcnster&#8220; bezeichnet. Er geh\u00f6rt zu den bedeutendsten Kirchengeb\u00e4uden der europ\u00e4ischen Architekturgeschichte sowie zu den gr\u00f6\u00dften Sandsteinbauten der Welt.<\/p>\n<p><a href=\"https:\/\/www.travellingdevil.de\/?attachment_id=28437\" rel=\"attachment wp-att-28437\"><img loading=\"lazy\" decoding=\"async\" class=\"alignnone size-large wp-image-28437\" src=\"https:\/\/www.travellingdevil.de\/wp-content\/uploads\/2025\/07\/049_2025Strasbourg.jpg\" alt=\"\" width=\"768\" height=\"1024\"><\/a><\/p>\n<p><a href=\"https:\/\/www.travellingdevil.de\/?attachment_id=28438\" rel=\"attachment wp-att-28438\"><img loading=\"lazy\" decoding=\"async\" class=\"alignnone size-large wp-image-28438\" src=\"https:\/\/www.travellingdevil.de\/wp-content\/uploads\/2025\/07\/050_2025Strasbourg.jpg\" alt=\"\" width=\"1024\" height=\"768\" srcset=\"https:\/\/www.travellingdevil.de\/wp-content\/uploads\/2025\/07\/050_2025Strasbourg.jpg 1024w, https:\/\/www.travellingdevil.de\/wp-content\/uploads\/2025\/07\/050_2025Strasbourg-768x576.jpg 768w\" sizes=\"auto, (max-width: 1024px) 100vw, 1024px\" \/><\/a><\/p>\n<p>Das M\u00fcnster wurde 1176 bis 1439 aus rosa Vogesensandstein an der Stelle eines abgebrannten Vorg\u00e4ngerbaus aus den Jahren 1015 bis 1028 errichtet, der seinerseits ein 1007 abgebranntes Gotteshaus aus karolingischer Zeit ersetzt hatte. Das neue Geb\u00e4ude entstand zun\u00e4chst im romanischen, dann im gotischen Stil.<\/p>\n<p>Von mindestens 1647 bis 1874 war das M\u00fcnster mit seinem 142 Meter hohen Nordturm das h\u00f6chste Bauwerk der Menschheit und das h\u00f6chste im Mittelalter vollendete Geb\u00e4ude. Wir als K\u00f6lner k\u00f6nnen da ja auch was zu sagen.<\/p>\n<p>Das Stra\u00dfburger M\u00fcnster ist mit seiner charakteristischen asymmetrischen Form (der S\u00fcdturm wurde nie gebaut) bis heute das Wahrzeichen des Elsasses. Es ist auch vom drei Kilometer entfernten deutschen Rheinufer, von den Vogesen und dem Schwarzwald aus sichtbar. Vom Karlsruher Turmberg ist der M\u00fcnsterturm in 80 bzw. 90 km Entfernung bei guter Fernsicht deutlich zu erkennen.<\/p>\n<p><a href=\"https:\/\/www.travellingdevil.de\/?attachment_id=28439\" rel=\"attachment wp-att-28439\"><img loading=\"lazy\" decoding=\"async\" class=\"alignnone size-large wp-image-28439\" src=\"https:\/\/www.travellingdevil.de\/wp-content\/uploads\/2025\/07\/051_2025Strasbourg.jpg\" alt=\"\" width=\"768\" height=\"1024\"><\/a><\/p>\n<p>Zu den ber\u00fchmtesten Ausstattungsst\u00fccken des M\u00fcnsters z\u00e4hlen die Astronomische Uhr und der \u201eEngelspfeiler\u201c. Auch die Kanzel, das Taufbecken, die Schwalbennestorgel sowie die Glasfenster und die Wandteppiche mit dem Marienleben gelten als hervorragende Beispiele abendl\u00e4ndischer Kunst. Am Stra\u00dfburger M\u00fcnster, dem Mittelpunkt des geistlichen und religi\u00f6sen Lebens der Stadt, wirkten zahlreiche bedeutende Prediger und Pfarrer sowohl des Katholizismus als auch verschiedener Str\u00f6mungen der Reformation. Das M\u00fcnster ist Bischofskirche des Erzbistums Stra\u00dfburg.<\/p>\n<p>Und das wollten sich sehr, sehr viele Menschen anschauen. Da wir in Frankreich sind, gab es Einlasskontrollen und die Rucks\u00e4cke wurden durchsucht. Also war die Schlange am Eingang eher l\u00e4nger.<\/p>\n<p><a href=\"https:\/\/www.travellingdevil.de\/?attachment_id=28440\" rel=\"attachment wp-att-28440\"><img loading=\"lazy\" decoding=\"async\" class=\"alignnone size-large wp-image-28440\" src=\"https:\/\/www.travellingdevil.de\/wp-content\/uploads\/2025\/07\/052_2025Strasbourg.jpg\" alt=\"\" width=\"1024\" height=\"768\" srcset=\"https:\/\/www.travellingdevil.de\/wp-content\/uploads\/2025\/07\/052_2025Strasbourg.jpg 1024w, https:\/\/www.travellingdevil.de\/wp-content\/uploads\/2025\/07\/052_2025Strasbourg-768x576.jpg 768w\" sizes=\"auto, (max-width: 1024px) 100vw, 1024px\" \/><\/a><\/p>\n<p>Wir stellten uns nicht an, was am Ende auch eine gute Idee war, denn zwischen 11:15 bis 12:45 gab es kein Einlass. Was die dann \u00fcberfl\u00fcssig anstehenden Personen sehr traurig fanden.<\/p>\n<p>Die Hauptfassade ist besonders detailreich gestaltet: An ihrem rechten Seitenportal ist der von den klugen und den t\u00f6richten Jungfrauen umgebene F\u00fcrst der Welt als Versucher zu sehen, am linken Seitenportal der Kampf der Tugenden und der Laster. Thema des Mittelportals ist die Passion und Auferstehung Christi. Sehr sch\u00f6n, sehr detailreich.<\/p>\n<p><a href=\"https:\/\/www.travellingdevil.de\/?attachment_id=28441\" rel=\"attachment wp-att-28441\"><img loading=\"lazy\" decoding=\"async\" class=\"alignnone size-large wp-image-28441\" src=\"https:\/\/www.travellingdevil.de\/wp-content\/uploads\/2025\/07\/053_2025Strasbourg.jpg\" alt=\"\" width=\"768\" height=\"1024\" data-temp-aztec-id=\"1b068a4f-54c0-4bed-a743-d08fde234e52\"><\/a><\/p>\n<p>Doch auch der Rest des Platzes war wundersch\u00f6n anzuschauen, obwohl die Dichte der Touri-L\u00e4den schon zunahm. Daf\u00fcr aber auch sowas wie das Maison Kammerzell, ein umgebautes b\u00fcrgerliches Fachwerkhaus und das bekannteste Profangeb\u00e4ude in Stra\u00dfburg.<\/p>\n<p>Es wurde 1427 errichtet, allerdings mehrfach umgebaut, erstmals 1467. Aus diesem Jahr ist das steinerne Erdgeschoss bis heute erhalten. 1571 erwarb der K\u00e4seh\u00e4ndler Martin Braun das Geb\u00e4ude und f\u00fcgte 1589 drei leicht auskragende Etagen mit der bis heute erhaltenen reichen Schnitzfassade sowie drei Dachetagen hinzu. Die Fassade zeigt sowohl profane als auch sakrale Elemente und spiegelt biblische Ans\u00e4tze sowie Einfl\u00fcsse der griechisch-r\u00f6mischen Antike und des Mittelalters wider.<\/p>\n<p>Das Haus Kammerzell gilt als eines der sch\u00f6nsten Fachwerkh\u00e4user der deutschen Sp\u00e4tgotik, vergleichbar mit dem (1944 zerst\u00f6rten) Salzhaus in Frankfurt am Main, ist aber im Gegensatz zu diesen in Originalsubstanz erhalten.<\/p>\n<p><a href=\"https:\/\/www.travellingdevil.de\/?attachment_id=28442\" rel=\"attachment wp-att-28442\"><img loading=\"lazy\" decoding=\"async\" class=\"alignnone size-large wp-image-28442\" src=\"https:\/\/www.travellingdevil.de\/wp-content\/uploads\/2025\/07\/054_2025Strasbourg.jpg\" alt=\"\" width=\"768\" height=\"1024\"><\/a><\/p>\n<p>Heute befindet sich, wir sind nunmal in Frankreich, ein Gourmet-Restaurant in dem Haus.<\/p>\n<p><a href=\"https:\/\/www.travellingdevil.de\/?attachment_id=28443\" rel=\"attachment wp-att-28443\"><img loading=\"lazy\" decoding=\"async\" class=\"alignnone size-large wp-image-28443\" src=\"https:\/\/www.travellingdevil.de\/wp-content\/uploads\/2025\/07\/055_2025Strasbourg.jpg\" alt=\"\" width=\"1024\" height=\"768\" srcset=\"https:\/\/www.travellingdevil.de\/wp-content\/uploads\/2025\/07\/055_2025Strasbourg.jpg 1024w, https:\/\/www.travellingdevil.de\/wp-content\/uploads\/2025\/07\/055_2025Strasbourg-768x576.jpg 768w\" sizes=\"auto, (max-width: 1024px) 100vw, 1024px\" \/><\/a><\/p>\n<p>Von hier aus spazierten wir die Rue Merci\u00e8re entlang, die verbindet den Place de la Cath\u00e9drale, die die Stra\u00dfburger Kathedrale umgibt, mit dem Place Gutenberg und ist mit ihren knapp 80 Metern voller Touristenl\u00e4den und Cafes.<\/p>\n<p><a href=\"https:\/\/www.travellingdevil.de\/?attachment_id=28444\" rel=\"attachment wp-att-28444\"><img loading=\"lazy\" decoding=\"async\" class=\"alignnone size-large wp-image-28444\" src=\"https:\/\/www.travellingdevil.de\/wp-content\/uploads\/2025\/07\/056_2025Strasbourg.jpg\" alt=\"\" width=\"1024\" height=\"768\" srcset=\"https:\/\/www.travellingdevil.de\/wp-content\/uploads\/2025\/07\/056_2025Strasbourg.jpg 1024w, https:\/\/www.travellingdevil.de\/wp-content\/uploads\/2025\/07\/056_2025Strasbourg-768x576.jpg 768w\" sizes=\"auto, (max-width: 1024px) 100vw, 1024px\" \/><\/a><\/p>\n<p>Apropos &#8222;L\u00e4den&#8220;: Ein Piraten-Laden voller S\u00fc\u00dfigkeiten! Verlockend!<\/p>\n<p><a href=\"https:\/\/www.travellingdevil.de\/?attachment_id=28445\" rel=\"attachment wp-att-28445\"><img loading=\"lazy\" decoding=\"async\" class=\"alignnone size-large wp-image-28445\" src=\"https:\/\/www.travellingdevil.de\/wp-content\/uploads\/2025\/07\/057_2025Strasbourg.jpg\" alt=\"\" width=\"768\" height=\"1024\"><\/a><\/p>\n<p>Und so liefen wir durch die Gegend, genossen die Atmosph\u00e4re und standen dann auf dem Gutenberg Platz.<\/p>\n<p><a href=\"https:\/\/www.travellingdevil.de\/?attachment_id=28446\" rel=\"attachment wp-att-28446\"><img loading=\"lazy\" decoding=\"async\" class=\"alignnone size-large wp-image-28446\" src=\"https:\/\/www.travellingdevil.de\/wp-content\/uploads\/2025\/07\/058_2025Strasbourg.jpg\" alt=\"\" width=\"768\" height=\"1024\"><\/a><\/p>\n<p>Die Geschichte des Platzes geht auf das 13. Jahrhundert zur\u00fcck, als er als &#8222;Place du March\u00e9 aux Poissons&#8220; (Fischmarktplatz) bekannt war. Sp\u00e4ter wurde er zu Ehren von Gutenberg umbenannt, der die Welt der Kommunikation und des Lernens revolutionierte. Heute ist der Place Gutenberg mit seinen lebhaften Caf\u00e9s, Gesch\u00e4ften und kulturellen Veranstaltungen ein belebtes Zentrum f\u00fcr Einheimische und Besucher gleicherma\u00dfen. Jedes Jahr findet am Place Gutenberg die Stra\u00dfburger Weihnachtsmarkt statt, einem der bekanntesten Weihnachtsm\u00e4rkte Europas.<\/p>\n<p><a href=\"https:\/\/www.travellingdevil.de\/?attachment_id=28447\" rel=\"attachment wp-att-28447\"><img loading=\"lazy\" decoding=\"async\" class=\"alignnone size-large wp-image-28447\" src=\"https:\/\/www.travellingdevil.de\/wp-content\/uploads\/2025\/07\/059_2025Strasbourg.jpg\" alt=\"\" width=\"1024\" height=\"768\" srcset=\"https:\/\/www.travellingdevil.de\/wp-content\/uploads\/2025\/07\/059_2025Strasbourg.jpg 1024w, https:\/\/www.travellingdevil.de\/wp-content\/uploads\/2025\/07\/059_2025Strasbourg-768x576.jpg 768w\" sizes=\"auto, (max-width: 1024px) 100vw, 1024px\" \/><\/a><\/p>\n<p><a href=\"https:\/\/www.travellingdevil.de\/?attachment_id=28448\" rel=\"attachment wp-att-28448\"><img loading=\"lazy\" decoding=\"async\" class=\"alignnone size-large wp-image-28448\" src=\"https:\/\/www.travellingdevil.de\/wp-content\/uploads\/2025\/07\/060_2025Strasbourg.jpg\" alt=\"\" width=\"768\" height=\"1024\"><\/a><\/p>\n<p><a href=\"https:\/\/www.travellingdevil.de\/?attachment_id=28449\" rel=\"attachment wp-att-28449\"><img loading=\"lazy\" decoding=\"async\" class=\"alignnone size-large wp-image-28449\" src=\"https:\/\/www.travellingdevil.de\/wp-content\/uploads\/2025\/07\/061_2025Strasbourg.jpg\" alt=\"\" width=\"768\" height=\"1024\"><\/a><\/p>\n<p>Alle Details k\u00f6nnen wir hier gar nicht wiedergeben, aber wir waren geflashed von den H\u00e4usern, den Leuten, dem Mix aus Alt und Neu. Zwischendurch traf man nat\u00fcrlich auch auf gr\u00f6\u00dfere Gruppen, vor allem von deutschen Teenagern. Und die \u00fcblichen franz\u00f6sischen Verk\u00e4ufer, die einem irgendwelchen Schund andrehen und einen \u00fcber den Tisch ziehen wollen. Aber alles relaxed, alles etwas entspannter.<\/p>\n<p><a href=\"https:\/\/www.travellingdevil.de\/?attachment_id=28450\" rel=\"attachment wp-att-28450\"><img loading=\"lazy\" decoding=\"async\" class=\"alignnone size-large wp-image-28450\" src=\"https:\/\/www.travellingdevil.de\/wp-content\/uploads\/2025\/07\/062_2025Strasbourg.jpg\" alt=\"\" width=\"1024\" height=\"768\" srcset=\"https:\/\/www.travellingdevil.de\/wp-content\/uploads\/2025\/07\/062_2025Strasbourg.jpg 1024w, https:\/\/www.travellingdevil.de\/wp-content\/uploads\/2025\/07\/062_2025Strasbourg-768x576.jpg 768w\" sizes=\"auto, (max-width: 1024px) 100vw, 1024px\" \/><\/a><\/p>\n<p>Letzter Halt war der Place Kl\u00e9ber, der gr\u00f6\u00dfter Platz im Zentrum von Stra\u00dfburg. Er wurde er nach dem franz\u00f6sischen Revolutionsgeneral Jean-Baptiste Kl\u00e9ber benannt, der 1753 in Stra\u00dfburg geboren wurde. Auf dem Platz steht eine Statue von Kl\u00e9ber, unter der sich eine Gruft mit seinen sterblichen \u00dcberresten befindet. Auf der Nordseite des Platzes befindet sich die Aubette (Ordonnanzstube), die von Blondel zwischen 1765 und 1772 erbaut wurde.<\/p>\n<p>Davon konnten wir aber nicht viel sehen, denn auf dem Platz war ein eher einfacher Markt mit schlechten Klamotten und unn\u00f6tigen Kleinigkeiten.<\/p>\n<p><a href=\"https:\/\/www.travellingdevil.de\/?attachment_id=28451\" rel=\"attachment wp-att-28451\"><img loading=\"lazy\" decoding=\"async\" class=\"alignnone size-large wp-image-28451\" src=\"https:\/\/www.travellingdevil.de\/wp-content\/uploads\/2025\/07\/063_2025Strasbourg.jpg\" alt=\"\" width=\"1024\" height=\"768\" srcset=\"https:\/\/www.travellingdevil.de\/wp-content\/uploads\/2025\/07\/063_2025Strasbourg.jpg 1024w, https:\/\/www.travellingdevil.de\/wp-content\/uploads\/2025\/07\/063_2025Strasbourg-768x576.jpg 768w\" sizes=\"auto, (max-width: 1024px) 100vw, 1024px\" \/><\/a><\/p>\n<p>Diese findet man in der Galarie Lafayette dann wohl eher nicht. Ach ja: Kein Blog ohne Eisenbahn.<\/p>\n<p><a href=\"https:\/\/www.travellingdevil.de\/?attachment_id=28452\" rel=\"attachment wp-att-28452\"><img loading=\"lazy\" decoding=\"async\" class=\"alignnone size-large wp-image-28452\" src=\"https:\/\/www.travellingdevil.de\/wp-content\/uploads\/2025\/07\/064_2025Strasbourg.jpg\" alt=\"\" width=\"768\" height=\"1024\"><\/a><\/p>\n<p>Unser Weg f\u00fchrte uns jetzt in Richtung Ill durch einen etwas weniger touristischen Teil der Altstadt. Was dann doch noch den ein oder anderen Blick auf modernere Bereiche der Stadt erlaubte, wie das Kino &#8222;Vox&#8220;, einem unabh\u00e4ngigen Kino mit einer wundersch\u00f6nen Front.<\/p>\n<p><a href=\"https:\/\/www.travellingdevil.de\/?attachment_id=28453\" rel=\"attachment wp-att-28453\"><img loading=\"lazy\" decoding=\"async\" class=\"alignnone size-large wp-image-28453\" src=\"https:\/\/www.travellingdevil.de\/wp-content\/uploads\/2025\/07\/065_2025Strasbourg.jpg\" alt=\"\" width=\"768\" height=\"1024\"><\/a><\/p>\n<p>Kurz \u00fcberlegt, ob wir Socken brauchen &#8230;<\/p>\n<p><a href=\"https:\/\/www.travellingdevil.de\/?attachment_id=28454\" rel=\"attachment wp-att-28454\"><img loading=\"lazy\" decoding=\"async\" class=\"alignnone size-large wp-image-28454\" src=\"https:\/\/www.travellingdevil.de\/wp-content\/uploads\/2025\/07\/066_2025Strasbourg.jpg\" alt=\"\" width=\"1024\" height=\"768\" srcset=\"https:\/\/www.travellingdevil.de\/wp-content\/uploads\/2025\/07\/066_2025Strasbourg.jpg 1024w, https:\/\/www.travellingdevil.de\/wp-content\/uploads\/2025\/07\/066_2025Strasbourg-768x576.jpg 768w\" sizes=\"auto, (max-width: 1024px) 100vw, 1024px\" \/><\/a><\/p>\n<p>&#8230; verlockend! Aber wir konnten uns beherrschen.<\/p>\n<p><a href=\"https:\/\/www.travellingdevil.de\/?attachment_id=28455\" rel=\"attachment wp-att-28455\"><img loading=\"lazy\" decoding=\"async\" class=\"alignnone size-large wp-image-28455\" src=\"https:\/\/www.travellingdevil.de\/wp-content\/uploads\/2025\/07\/067_2025Strasbourg.jpg\" alt=\"\" width=\"1024\" height=\"768\" srcset=\"https:\/\/www.travellingdevil.de\/wp-content\/uploads\/2025\/07\/067_2025Strasbourg.jpg 1024w, https:\/\/www.travellingdevil.de\/wp-content\/uploads\/2025\/07\/067_2025Strasbourg-768x576.jpg 768w\" sizes=\"auto, (max-width: 1024px) 100vw, 1024px\" \/><\/a><\/p>\n<p><a href=\"https:\/\/www.travellingdevil.de\/?attachment_id=28456\" rel=\"attachment wp-att-28456\"><img loading=\"lazy\" decoding=\"async\" class=\"alignnone size-large wp-image-28456\" src=\"https:\/\/www.travellingdevil.de\/wp-content\/uploads\/2025\/07\/068_2025Strasbourg.jpg\" alt=\"\" width=\"768\" height=\"1024\"><\/a><\/p>\n<p>So langsam stellte sich der Hunger ein, also suchten wir bei Google nach einem Restaurant. Vorzugsweise ein sch\u00f6nes, wo wir auch ein alkoholisches Getr\u00e4nk konsumieren k\u00f6nnen. Und wir wurden im La Corde \u00e0 Linge direkt an der Ill f\u00fcndig. Kurz nach einem Tisch gefragt bekamen wir einen sch\u00f6nen Platz direkt am Platz. Was f\u00fcr ein Wortwitz!<\/p>\n<p><a href=\"https:\/\/www.travellingdevil.de\/?attachment_id=28457\" rel=\"attachment wp-att-28457\"><img loading=\"lazy\" decoding=\"async\" class=\"alignnone size-large wp-image-28457\" src=\"https:\/\/www.travellingdevil.de\/wp-content\/uploads\/2025\/07\/069_2025Strasbourg.jpg\" alt=\"\" width=\"768\" height=\"1024\"><\/a><\/p>\n<p>Prost! Mit einem IPA aus der Brasserie Meteor aus Hochfelden, Grand Est.<\/p>\n<p><a href=\"https:\/\/www.travellingdevil.de\/?attachment_id=28458\" rel=\"attachment wp-att-28458\"><img loading=\"lazy\" decoding=\"async\" class=\"alignnone size-large wp-image-28458\" src=\"https:\/\/www.travellingdevil.de\/wp-content\/uploads\/2025\/07\/070_2025Strasbourg.jpg\" alt=\"\" width=\"768\" height=\"1024\"><\/a><\/p>\n<p>Au\u00dferdem war der Blick auf die lokale Punk Szene im Vordergrund und die alten Geb\u00e4ude im Hintergrund sehr nett, zumindest sobald die Tourigruppen von den hier anlegenden Flusskreuzfahrten oder Busrundfahrten mal verschwunden waren.<\/p>\n<p><a href=\"https:\/\/www.travellingdevil.de\/?attachment_id=28459\" rel=\"attachment wp-att-28459\"><img loading=\"lazy\" decoding=\"async\" class=\"alignnone size-large wp-image-28459\" src=\"https:\/\/www.travellingdevil.de\/wp-content\/uploads\/2025\/07\/071_2025Strasbourg.jpg\" alt=\"\" width=\"1024\" height=\"768\" srcset=\"https:\/\/www.travellingdevil.de\/wp-content\/uploads\/2025\/07\/071_2025Strasbourg.jpg 1024w, https:\/\/www.travellingdevil.de\/wp-content\/uploads\/2025\/07\/071_2025Strasbourg-768x576.jpg 768w\" sizes=\"auto, (max-width: 1024px) 100vw, 1024px\" \/><\/a><\/p>\n<p>Und zu Essen gab es auch was und das war wirklich vorz\u00fcglich: Meike orderte 6 Schnecken und einen Salat mit etwas Pate.<\/p>\n<p><a href=\"https:\/\/www.travellingdevil.de\/?attachment_id=28460\" rel=\"attachment wp-att-28460\"><img loading=\"lazy\" decoding=\"async\" class=\"alignnone size-large wp-image-28460\" src=\"https:\/\/www.travellingdevil.de\/wp-content\/uploads\/2025\/07\/072_2025Strasbourg.jpg\" alt=\"\" width=\"1024\" height=\"768\" srcset=\"https:\/\/www.travellingdevil.de\/wp-content\/uploads\/2025\/07\/072_2025Strasbourg.jpg 1024w, https:\/\/www.travellingdevil.de\/wp-content\/uploads\/2025\/07\/072_2025Strasbourg-768x576.jpg 768w\" sizes=\"auto, (max-width: 1024px) 100vw, 1024px\" \/><\/a><\/p>\n<p>Jens gab sich eine Ladung G\u00e4nseleber mit einem Salat mit &#8230; G\u00e4nseleber und Schinken.<\/p>\n<p><a href=\"https:\/\/www.travellingdevil.de\/?attachment_id=28461\" rel=\"attachment wp-att-28461\"><img loading=\"lazy\" decoding=\"async\" class=\"alignnone size-large wp-image-28461\" src=\"https:\/\/www.travellingdevil.de\/wp-content\/uploads\/2025\/07\/073_2025Strasbourg.jpg\" alt=\"\" width=\"1024\" height=\"768\" srcset=\"https:\/\/www.travellingdevil.de\/wp-content\/uploads\/2025\/07\/073_2025Strasbourg.jpg 1024w, https:\/\/www.travellingdevil.de\/wp-content\/uploads\/2025\/07\/073_2025Strasbourg-768x576.jpg 768w\" sizes=\"auto, (max-width: 1024px) 100vw, 1024px\" \/><\/a><\/p>\n<p>Beides hervorragend und wir a\u00dfen und beobachten einfach alles um uns herum. Und hatten so wieder Energie f\u00fcr die zweite Runde. Oder den Abschluss der ersten Runde, je nachdem wie man es sieht.<\/p>\n<p>Denn jetzt ging ab nach &#8222;La Petite France&#8220;, also das kleine Frankreich.<\/p>\n<p><a href=\"https:\/\/www.travellingdevil.de\/?attachment_id=28462\" rel=\"attachment wp-att-28462\"><img loading=\"lazy\" decoding=\"async\" class=\"alignnone size-large wp-image-28462\" src=\"https:\/\/www.travellingdevil.de\/wp-content\/uploads\/2025\/07\/074_2025Strasbourg.jpg\" alt=\"\" width=\"768\" height=\"1024\"><\/a><\/p>\n<p>So nennt man den s\u00fcdwestliche Teil der Grande \u00cele, der zentralsten und charakteristischsten Insel der Stadt, die das historische Zentrum bildet. Das Quartier hat sehr viele alte Fachwerkh\u00e4user aus dem 16. und 17. Jahrhundert mit den typischen hohen Spitzd\u00e4chern und wird von Kan\u00e4len des Flusses Ill durchzogen. Die D\u00e4cher sind \u00fcbrigens deswegen so steil, weil der Winter hier sehr viel Schnee hat und so die alten D\u00e4cher damit besser umgehen konnten. Das Viertel ist heute einer der gr\u00f6\u00dften Touristenhotspots der Europastadt.<\/p>\n<p><a href=\"https:\/\/www.travellingdevil.de\/?attachment_id=28463\" rel=\"attachment wp-att-28463\"><img loading=\"lazy\" decoding=\"async\" class=\"alignnone size-large wp-image-28463\" src=\"https:\/\/www.travellingdevil.de\/wp-content\/uploads\/2025\/07\/075_2025Strasbourg.jpg\" alt=\"\" width=\"768\" height=\"1024\"><\/a><\/p>\n<p>Der Ursprung des Namens Petite France findet sich im els\u00e4ssischen Namen des Hospizes Blatterh\u00fcs, Pocken- oder Pustelhaus, das urspr\u00fcnglich im Stadtteil Finkwiller gegr\u00fcndet und dann 1687 in ein neues Geb\u00e4ude in dem Stadtteil verlegt worden war. Die Bev\u00f6lkerung nannte das Hospiz damals &#8222;Zum Franz\u00f6sel&#8220; \u2013 Syphilis galt als &#8222;Franzosenkrankheit&#8220;. Im 18. Jahrhundert hie\u00df der Ort auch &#8222;das Hospiz der Unheilbaren&#8220;. Und daraus resultierte, dass man zuerst das Geb\u00e4ude als &#8222;La Petite France&#8220; bezeichnete und dann im weiteren Sinne das gesamte Viertel.<\/p>\n<p>Schon sch\u00f6n hier.<\/p>\n<p><a href=\"https:\/\/www.travellingdevil.de\/?attachment_id=28464\" rel=\"attachment wp-att-28464\"><img loading=\"lazy\" decoding=\"async\" class=\"alignnone size-large wp-image-28464\" src=\"https:\/\/www.travellingdevil.de\/wp-content\/uploads\/2025\/07\/076_2025Strasbourg.jpg\" alt=\"\" width=\"1024\" height=\"768\" srcset=\"https:\/\/www.travellingdevil.de\/wp-content\/uploads\/2025\/07\/076_2025Strasbourg.jpg 1024w, https:\/\/www.travellingdevil.de\/wp-content\/uploads\/2025\/07\/076_2025Strasbourg-768x576.jpg 768w\" sizes=\"auto, (max-width: 1024px) 100vw, 1024px\" \/><\/a><\/p>\n<p><a href=\"https:\/\/www.travellingdevil.de\/?attachment_id=28465\" rel=\"attachment wp-att-28465\"><img loading=\"lazy\" decoding=\"async\" class=\"alignnone size-large wp-image-28465\" src=\"https:\/\/www.travellingdevil.de\/wp-content\/uploads\/2025\/07\/077_2025Strasbourg.jpg\" alt=\"\" width=\"1024\" height=\"768\" srcset=\"https:\/\/www.travellingdevil.de\/wp-content\/uploads\/2025\/07\/077_2025Strasbourg.jpg 1024w, https:\/\/www.travellingdevil.de\/wp-content\/uploads\/2025\/07\/077_2025Strasbourg-768x576.jpg 768w\" sizes=\"auto, (max-width: 1024px) 100vw, 1024px\" \/><\/a><\/p>\n<p>Ach ja, die Br\u00fccke auf den mittleren Teil der kleinen Insel kann sich zur Seite drehen, wenn eines der vielen Schiffe vorbeifahren will, mit denen Touristen vom Wasser aus die Stadt erkunden k\u00f6nnen. Zwei Angestellte tauchen dann auf einmal auf, sperren die Br\u00fccke ab und drehen sie dann aus dem Weg.<\/p>\n<p><a href=\"https:\/\/www.travellingdevil.de\/?attachment_id=28466\" rel=\"attachment wp-att-28466\"><img loading=\"lazy\" decoding=\"async\" class=\"alignnone size-large wp-image-28466\" src=\"https:\/\/www.travellingdevil.de\/wp-content\/uploads\/2025\/07\/078_2025Strasbourg.jpg\" alt=\"\" width=\"1024\" height=\"768\" srcset=\"https:\/\/www.travellingdevil.de\/wp-content\/uploads\/2025\/07\/078_2025Strasbourg.jpg 1024w, https:\/\/www.travellingdevil.de\/wp-content\/uploads\/2025\/07\/078_2025Strasbourg-768x576.jpg 768w\" sizes=\"auto, (max-width: 1024px) 100vw, 1024px\" \/><\/a><\/p>\n<p>Wir beobachteten die Prozedur ein wenig und machten uns dann durch die brennende Sonne auf den Weg. Sonnencreme war \u00fcbrigens an diesem Wochenende Pflicht.<\/p>\n<p><a href=\"https:\/\/www.travellingdevil.de\/?attachment_id=28467\" rel=\"attachment wp-att-28467\"><img loading=\"lazy\" decoding=\"async\" class=\"alignnone size-large wp-image-28467\" src=\"https:\/\/www.travellingdevil.de\/wp-content\/uploads\/2025\/07\/079_2025Strasbourg.jpg\" alt=\"\" width=\"1024\" height=\"768\" srcset=\"https:\/\/www.travellingdevil.de\/wp-content\/uploads\/2025\/07\/079_2025Strasbourg.jpg 1024w, https:\/\/www.travellingdevil.de\/wp-content\/uploads\/2025\/07\/079_2025Strasbourg-768x576.jpg 768w\" sizes=\"auto, (max-width: 1024px) 100vw, 1024px\" \/><\/a><\/p>\n<p>Ein paar Mal sind wir dann falsch abgebogen, was uns aber auch egal war. Die Gegend war viel zu sch\u00f6n, um ernsthaft b\u00f6se dar\u00fcber zu sein, dass man sich noch einen anderen Teil anschauen &#8222;musste&#8220;.<\/p>\n<p><a href=\"https:\/\/www.travellingdevil.de\/?attachment_id=28468\" rel=\"attachment wp-att-28468\"><img loading=\"lazy\" decoding=\"async\" class=\"alignnone size-large wp-image-28468\" src=\"https:\/\/www.travellingdevil.de\/wp-content\/uploads\/2025\/07\/080_2025Strasbourg.jpg\" alt=\"\" width=\"1024\" height=\"768\" srcset=\"https:\/\/www.travellingdevil.de\/wp-content\/uploads\/2025\/07\/080_2025Strasbourg.jpg 1024w, https:\/\/www.travellingdevil.de\/wp-content\/uploads\/2025\/07\/080_2025Strasbourg-768x576.jpg 768w\" sizes=\"auto, (max-width: 1024px) 100vw, 1024px\" \/><\/a><\/p>\n<p>An der Ill entlang machten wir uns auf zum letzten Wegpunkt unseres GPS Tracks. Und widerstanden dem Drang uns eine Flasche Wein und \/ oder Wasser zu kaufen und uns neben die anderen zu setzen, die hier einfach die Seele baumeln lie\u00dfen.<\/p>\n<p><a href=\"https:\/\/www.travellingdevil.de\/?attachment_id=28469\" rel=\"attachment wp-att-28469\"><img loading=\"lazy\" decoding=\"async\" class=\"alignnone size-large wp-image-28469\" src=\"https:\/\/www.travellingdevil.de\/wp-content\/uploads\/2025\/07\/081_2025Strasbourg.jpg\" alt=\"\" width=\"768\" height=\"1024\"><\/a><\/p>\n<p><a href=\"https:\/\/www.travellingdevil.de\/?attachment_id=28470\" rel=\"attachment wp-att-28470\"><img loading=\"lazy\" decoding=\"async\" class=\"alignnone size-large wp-image-28470\" src=\"https:\/\/www.travellingdevil.de\/wp-content\/uploads\/2025\/07\/082_2025Strasbourg.jpg\" alt=\"\" width=\"1024\" height=\"768\" srcset=\"https:\/\/www.travellingdevil.de\/wp-content\/uploads\/2025\/07\/082_2025Strasbourg.jpg 1024w, https:\/\/www.travellingdevil.de\/wp-content\/uploads\/2025\/07\/082_2025Strasbourg-768x576.jpg 768w\" sizes=\"auto, (max-width: 1024px) 100vw, 1024px\" \/><\/a><\/p>\n<p>Gut, das Wetter tat sein \u00fcbriges, aber wir waren wirklich platt, wie sch\u00f6n es hier war!<\/p>\n<p><a href=\"https:\/\/www.travellingdevil.de\/?attachment_id=28471\" rel=\"attachment wp-att-28471\"><img loading=\"lazy\" decoding=\"async\" class=\"alignnone size-large wp-image-28471\" src=\"https:\/\/www.travellingdevil.de\/wp-content\/uploads\/2025\/07\/083_2025Strasbourg.jpg\" alt=\"\" width=\"768\" height=\"1024\"><\/a><\/p>\n<p>Ziel des Tracks war das &#8222;Barrage Vauban&#8220;, auch Vauban-Staudamm genannt. Eine Kombination aus Br\u00fccke, Wehr und Verteidigungsanlage, die im 17. Jahrhundert am Fluss Ill errichtet wurde. Damals war sie als &#8222;Gro\u00dfe Schleuse&#8220; (grande \u00e9cluse) bekannt, obwohl sie nicht als Schleuse im modernen Sinne fungiert. Zwischen 1686 und 1690 wurde das Bauwerk vom franz\u00f6sischen Ingenieur Jaques Tarade nach Pl\u00e4nen des franz\u00f6sischen Generals, Festungsbaumeisters Ludwigs XIV. und Marschall von Frankreich: Marquis de Vauban. 13 B\u00f6gen \u00fcberspannen die Ill und boten sowohl Schutz gegen Hochwasser aber auch gegen Angriffe.<\/p>\n<p>Heute dient sie als Ausstellungsort f\u00fcr Skulpturen und verf\u00fcgt \u00fcber eine Aussichtsplattform auf ihrem Dach, von der aus man einen Blick auf die fr\u00fcheren Ponts Couverts-Br\u00fccken und das Viertel Petite France hat. Seit 1971 steht sie unter Denkmalschutz.<\/p>\n<p><a href=\"https:\/\/www.travellingdevil.de\/?attachment_id=28472\" rel=\"attachment wp-att-28472\"><img loading=\"lazy\" decoding=\"async\" class=\"alignnone size-large wp-image-28472\" src=\"https:\/\/www.travellingdevil.de\/wp-content\/uploads\/2025\/07\/084_2025Strasbourg.jpg\" alt=\"\" width=\"1024\" height=\"768\" srcset=\"https:\/\/www.travellingdevil.de\/wp-content\/uploads\/2025\/07\/084_2025Strasbourg.jpg 1024w, https:\/\/www.travellingdevil.de\/wp-content\/uploads\/2025\/07\/084_2025Strasbourg-768x576.jpg 768w\" sizes=\"auto, (max-width: 1024px) 100vw, 1024px\" \/><\/a><\/p>\n<p>Auf dem Weg zur Barrage noch eine Aufforderung zur Zweisprachigkeit. Wobei uns nicht so ganz klar war, was die zweite Sprache sein soll &#8230; \ud83d\ude09<\/p>\n<p><a href=\"https:\/\/www.travellingdevil.de\/?attachment_id=28473\" rel=\"attachment wp-att-28473\"><img loading=\"lazy\" decoding=\"async\" class=\"alignnone size-large wp-image-28473\" src=\"https:\/\/www.travellingdevil.de\/wp-content\/uploads\/2025\/07\/085_2025Strasbourg.jpg\" alt=\"\" width=\"768\" height=\"1024\"><\/a><\/p>\n<p>In der Barrage selber war es etwas kahl, daf\u00fcr hatte es eine Toilette, die wir dringend brauchten. Zum Gl\u00fcck keine der alten und berechtigterweise furchteinfl\u00f6\u00dfenden franz\u00f6sischen Autobahn-Klos.<\/p>\n<p><a href=\"https:\/\/www.travellingdevil.de\/?attachment_id=28474\" rel=\"attachment wp-att-28474\"><img loading=\"lazy\" decoding=\"async\" class=\"alignnone size-large wp-image-28474\" src=\"https:\/\/www.travellingdevil.de\/wp-content\/uploads\/2025\/07\/086_2025Strasbourg.jpg\" alt=\"\" width=\"768\" height=\"1024\"><\/a><\/p>\n<p>Zuerst wollten wir mit dem Bus wieder zur\u00fcck fahren, hatten uns dann aber daf\u00fcr entschlossen zu Fu\u00df zur\u00fcck zu gehen. Was zuerst wie eine gute Idee aussah. So die ersten 150 Meter. Bis dann ein franz\u00f6sischer Weihnachtsladen vor uns auftauchte!<\/p>\n<p><a href=\"https:\/\/www.travellingdevil.de\/?attachment_id=28475\" rel=\"attachment wp-att-28475\"><img loading=\"lazy\" decoding=\"async\" class=\"alignnone size-large wp-image-28475\" src=\"https:\/\/www.travellingdevil.de\/wp-content\/uploads\/2025\/07\/087_2025Strasbourg.jpg\" alt=\"\" width=\"1024\" height=\"768\" srcset=\"https:\/\/www.travellingdevil.de\/wp-content\/uploads\/2025\/07\/087_2025Strasbourg.jpg 1024w, https:\/\/www.travellingdevil.de\/wp-content\/uploads\/2025\/07\/087_2025Strasbourg-768x576.jpg 768w\" sizes=\"auto, (max-width: 1024px) 100vw, 1024px\" \/><\/a><\/p>\n<p>Gut, da musste Meike nat\u00fcrlich rein. Fotos durfte man darin nicht machen, das h\u00e4tte die Handykamera aber auch nicht verkraftet. Daf\u00fcr war es zu &#8230; bunt! Und kitschig!<\/p>\n<p>Zu Fu\u00df ging es zur\u00fcck an der Ill entlang. Wir quatschten \u00fcber dies uns das, unterhielten uns \u00fcber das Erlebte und beobachteten die Menschen um uns herum. Aber es wurde langsam warm, weswegen es auch gut war, dass wir wieder am Ausgangspunkt waren. Wo wir die Menschenmassen beobachteten, die f\u00fcr die Bootstouren anstanden. Unter anderem eine sehr unangenehme deutsche Rentnergruppe, die sich gegenseitig anbr\u00fcllten und zum Boot zitierten.<\/p>\n<p><a href=\"https:\/\/www.travellingdevil.de\/?attachment_id=28476\" rel=\"attachment wp-att-28476\"><img loading=\"lazy\" decoding=\"async\" class=\"alignnone size-large wp-image-28476\" src=\"https:\/\/www.travellingdevil.de\/wp-content\/uploads\/2025\/07\/088_2025Strasbourg.jpg\" alt=\"\" width=\"1024\" height=\"768\" srcset=\"https:\/\/www.travellingdevil.de\/wp-content\/uploads\/2025\/07\/088_2025Strasbourg.jpg 1024w, https:\/\/www.travellingdevil.de\/wp-content\/uploads\/2025\/07\/088_2025Strasbourg-768x576.jpg 768w\" sizes=\"auto, (max-width: 1024px) 100vw, 1024px\" \/><\/a><\/p>\n<p>Nochmal der Palais Rohan, diesmal von der Seite der Ill her.<\/p>\n<p><a href=\"https:\/\/www.travellingdevil.de\/?attachment_id=28477\" rel=\"attachment wp-att-28477\"><img loading=\"lazy\" decoding=\"async\" class=\"alignnone size-large wp-image-28477\" src=\"https:\/\/www.travellingdevil.de\/wp-content\/uploads\/2025\/07\/089_2025Strasbourg.jpg\" alt=\"\" width=\"1024\" height=\"768\" srcset=\"https:\/\/www.travellingdevil.de\/wp-content\/uploads\/2025\/07\/089_2025Strasbourg.jpg 1024w, https:\/\/www.travellingdevil.de\/wp-content\/uploads\/2025\/07\/089_2025Strasbourg-768x576.jpg 768w\" sizes=\"auto, (max-width: 1024px) 100vw, 1024px\" \/><\/a><\/p>\n<p>Und dann waren wir wieder zur\u00fcck am Hotel und unserem sch\u00f6nen Innenhof.<\/p>\n<p><a href=\"https:\/\/www.travellingdevil.de\/?attachment_id=28478\" rel=\"attachment wp-att-28478\"><img loading=\"lazy\" decoding=\"async\" class=\"alignnone size-large wp-image-28478\" src=\"https:\/\/www.travellingdevil.de\/wp-content\/uploads\/2025\/07\/090_2025Strasbourg.jpg\" alt=\"\" width=\"768\" height=\"1024\"><\/a><\/p>\n<p>Und wir waren uns sicher, dass wir in dieser Stadt nicht zum letzten Mal waren! Wundersch\u00f6n ist es hier!<\/p>\n","protected":false},"excerpt":{"rendered":"<p>Der heutige Freitag war unter dem Motto &#8222;Wir schauen uns mal Stra\u00dfburg an!&#8220; gestellt. Insofern hatten wir mal wieder unsere &#8222;GPSmyCity&#8220;-App mit allen Routen geladen,&#8230;<\/p>\n<div class=\"more-link-wrapper\"><a class=\"more-link\" href=\"https:\/\/www.travellingdevil.de\/?p=28427\">Weiterlesen<span class=\"screen-reader-text\">Kreuz und quer durch die Altstadt von Strasbourg<\/span><\/a><\/div>\n","protected":false},"author":3,"featured_media":28465,"comment_status":"open","ping_status":"open","sticky":false,"template":"","format":"standard","meta":{"iawp_total_views":44,"footnotes":""},"categories":[480],"tags":[448,61,80,228,481],"class_list":["post-28427","post","type-post","status-publish","format-standard","has-post-thumbnail","hentry","category-strasbourg2025","tag-448","tag-craftbeer","tag-food","tag-frankreich","tag-strasbourg","entry"],"views":415,"_links":{"self":[{"href":"https:\/\/www.travellingdevil.de\/index.php?rest_route=\/wp\/v2\/posts\/28427","targetHints":{"allow":["GET"]}}],"collection":[{"href":"https:\/\/www.travellingdevil.de\/index.php?rest_route=\/wp\/v2\/posts"}],"about":[{"href":"https:\/\/www.travellingdevil.de\/index.php?rest_route=\/wp\/v2\/types\/post"}],"author":[{"embeddable":true,"href":"https:\/\/www.travellingdevil.de\/index.php?rest_route=\/wp\/v2\/users\/3"}],"replies":[{"embeddable":true,"href":"https:\/\/www.travellingdevil.de\/index.php?rest_route=%2Fwp%2Fv2%2Fcomments&post=28427"}],"version-history":[{"count":4,"href":"https:\/\/www.travellingdevil.de\/index.php?rest_route=\/wp\/v2\/posts\/28427\/revisions"}],"predecessor-version":[{"id":28638,"href":"https:\/\/www.travellingdevil.de\/index.php?rest_route=\/wp\/v2\/posts\/28427\/revisions\/28638"}],"wp:featuredmedia":[{"embeddable":true,"href":"https:\/\/www.travellingdevil.de\/index.php?rest_route=\/wp\/v2\/media\/28465"}],"wp:attachment":[{"href":"https:\/\/www.travellingdevil.de\/index.php?rest_route=%2Fwp%2Fv2%2Fmedia&parent=28427"}],"wp:term":[{"taxonomy":"category","embeddable":true,"href":"https:\/\/www.travellingdevil.de\/index.php?rest_route=%2Fwp%2Fv2%2Fcategories&post=28427"},{"taxonomy":"post_tag","embeddable":true,"href":"https:\/\/www.travellingdevil.de\/index.php?rest_route=%2Fwp%2Fv2%2Ftags&post=28427"}],"curies":[{"name":"wp","href":"https:\/\/api.w.org\/{rel}","templated":true}]}}