{"id":29174,"date":"2025-10-10T21:01:05","date_gmt":"2025-10-10T19:01:05","guid":{"rendered":"https:\/\/www.travellingdevil.de\/?p=29174"},"modified":"2025-12-25T00:11:51","modified_gmt":"2025-12-24T22:11:51","slug":"der-erste-abend-und-der-erste-tag-in-warschau","status":"publish","type":"post","link":"https:\/\/www.travellingdevil.de\/?p=29174","title":{"rendered":"Der erste Abend und der erste Tag in Warschau"},"content":{"rendered":"<p>Nachdem wir uns von der anstrengenden Bahnfahrt erholt haben, stellte sich langsam etwas Appetit ein. Da wir im Urlaub eher Planungssicherheit haben wollen, suchten wir nach einem Restaurant, was die M\u00f6glichkeit einer Online-Reservierung bietet, was wir auch nach einigem Suchen gefunden haben. Allerdings erst etwas sp\u00e4ter als wir es gewohnt waren, weswegen wir vorher noch ein wenig spazieren gehen wollten.<\/p>\n<p>Polens Hauptstadt bereitete sich auf den Feierabend vor, dementsprechend war auch der Verkehr, den wir von unserem Hotelzimmer aus beobachten konnten.<\/p>\n<p><a href=\"https:\/\/www.travellingdevil.de\/?attachment_id=29175\" rel=\"attachment wp-att-29175\"><img loading=\"lazy\" decoding=\"async\" class=\"alignnone size-full wp-image-29175\" src=\"https:\/\/www.travellingdevil.de\/wp-content\/uploads\/2025\/12\/454_2025Polen.jpg\" alt=\"\" width=\"1024\" height=\"768\" srcset=\"https:\/\/www.travellingdevil.de\/wp-content\/uploads\/2025\/12\/454_2025Polen.jpg 1024w, https:\/\/www.travellingdevil.de\/wp-content\/uploads\/2025\/12\/454_2025Polen-768x576.jpg 768w\" sizes=\"auto, (max-width: 1024px) 100vw, 1024px\" \/><\/a><\/p>\n<p>Unser Hotel, das Novotel Warschau, lag relativ zentral und war von einigen Restaurants und Bars umgeben. Alle aber nicht so einladend, denn das sah eher wie zehn Klone von Vapiano aus.<\/p>\n<p>Die Ausnahme war dann diese Kneipe namens &#8222;Beer &amp; Bones&#8220;. Ein Craftbeer? Warum denn nicht?<\/p>\n<p><a href=\"https:\/\/www.travellingdevil.de\/?attachment_id=29176\" rel=\"attachment wp-att-29176\"><img loading=\"lazy\" decoding=\"async\" class=\"alignnone size-large wp-image-29176\" src=\"https:\/\/www.travellingdevil.de\/wp-content\/uploads\/2025\/12\/455_2025Polen.jpg\" alt=\"\" width=\"1024\" height=\"768\" srcset=\"https:\/\/www.travellingdevil.de\/wp-content\/uploads\/2025\/12\/455_2025Polen.jpg 1024w, https:\/\/www.travellingdevil.de\/wp-content\/uploads\/2025\/12\/455_2025Polen-768x576.jpg 768w\" sizes=\"auto, (max-width: 1024px) 100vw, 1024px\" \/><\/a><\/p>\n<p>Und die Bar war ein Volltreffer, denn es handelte sich um die inoffizielle Iron Maiden Fankneipe in Warschau, wo beispielsweise vor dem Maiden-Konzert im August die Party des Fanclubs stattfand.<\/p>\n<p><a href=\"https:\/\/www.travellingdevil.de\/?attachment_id=29177\" rel=\"attachment wp-att-29177\"><img loading=\"lazy\" decoding=\"async\" class=\"alignnone size-large wp-image-29177\" src=\"https:\/\/www.travellingdevil.de\/wp-content\/uploads\/2025\/12\/456_2025Polen.jpg\" alt=\"\" width=\"768\" height=\"1024\"><\/a><\/p>\n<p>Der Laden war zwar noch recht leer, daf\u00fcr spielte hier hervorragende Musik, also f\u00fcr uns. Tool, Metallica, Helloween, Manowar &#8211; alles dabei.<\/p>\n<p><a href=\"https:\/\/www.travellingdevil.de\/?attachment_id=29178\" rel=\"attachment wp-att-29178\"><img loading=\"lazy\" decoding=\"async\" class=\"alignnone size-large wp-image-29178\" src=\"https:\/\/www.travellingdevil.de\/wp-content\/uploads\/2025\/12\/457_2025Polen.jpg\" alt=\"\" width=\"1024\" height=\"768\" srcset=\"https:\/\/www.travellingdevil.de\/wp-content\/uploads\/2025\/12\/457_2025Polen.jpg 1024w, https:\/\/www.travellingdevil.de\/wp-content\/uploads\/2025\/12\/457_2025Polen-768x576.jpg 768w\" sizes=\"auto, (max-width: 1024px) 100vw, 1024px\" \/><\/a><\/p>\n<p>Und auch das Bier war gut, h\u00e4tte es hier auch was anderes au\u00dfer Fast Food zu Essen gegeben, w\u00e4ren wir hier geblieben.<\/p>\n<p><a href=\"https:\/\/www.travellingdevil.de\/?attachment_id=29179\" rel=\"attachment wp-att-29179\"><img loading=\"lazy\" decoding=\"async\" class=\"alignnone size-large wp-image-29179\" src=\"https:\/\/www.travellingdevil.de\/wp-content\/uploads\/2025\/12\/458_2025Polen.jpg\" alt=\"\" width=\"768\" height=\"1024\"><\/a><\/p>\n<p>Aber uns war nach etwas mehr als nur Bier und Pommes und so stiegen wir in einen Bus und fuhren in den Stadtteil Praga-Polnoc. Dort liegt das &#8222;Centrum Praskie Koneser&#8220;, ein Wohn-, B\u00fcro- und Einkaufskomplex auf dem Grundst\u00fcck der fr\u00fcheren Wodkafabrik \u201eKoneser\u201c, deren historische Geb\u00e4ude teilweise in das neue Nutzungskonzept integriert wurden. Die Revitalisierungsarbeiten an der Fabrikanlage, die die Wodkaproduktion im Jahr 2009 eingestellt hatte, begannen Mitte der 2010er Jahre und waren 2018 abgeschlossen.<\/p>\n<p>Heute sah das alles sch\u00f6n modern aus, aber auch beliebig austauschbar zu anderen St\u00e4dten auf der n\u00f6rdlichen Hemisph\u00e4re.<\/p>\n<p><a href=\"https:\/\/www.travellingdevil.de\/?attachment_id=29180\" rel=\"attachment wp-att-29180\"><img loading=\"lazy\" decoding=\"async\" class=\"alignnone size-large wp-image-29180\" src=\"https:\/\/www.travellingdevil.de\/wp-content\/uploads\/2025\/12\/459_2025Polen.jpg\" alt=\"\" width=\"768\" height=\"1024\"><\/a><\/p>\n<p>Aber sch\u00f6n sah es schon aus und der Koneser Grill lockte uns mit gutem Seafood und modernen Gerichten. Und wie gesagt mit der M\u00f6glichkeit einen Tisch online zu reservieren &#8230;<\/p>\n<p><a href=\"https:\/\/www.travellingdevil.de\/?attachment_id=29181\" rel=\"attachment wp-att-29181\"><img loading=\"lazy\" decoding=\"async\" class=\"alignnone size-large wp-image-29181\" src=\"https:\/\/www.travellingdevil.de\/wp-content\/uploads\/2025\/12\/460_2025Polen.jpg\" alt=\"\" width=\"768\" height=\"1024\"><\/a><\/p>\n<p>Das Restaurant selber war nicht besonders voll, was uns aber eher zu gute kam, denn nach viel L\u00e4rm war uns nicht. Ein sehr netter Kellner empfahl uns ein paar G\u00e4nge und den Rest organisierten wir uns darum herum. Da wir den Tag \u00fcber eh schon immer wieder was gegessen hatten, w\u00e4hlten wir eher ein paar Starter und dann ein Hauptgang zum Teilen. Und das war keine schlechte Idee, denn was da kam, war echt sehr gut!<\/p>\n<p><a href=\"https:\/\/www.travellingdevil.de\/?attachment_id=29182\" rel=\"attachment wp-att-29182\"><img loading=\"lazy\" decoding=\"async\" class=\"alignnone size-large wp-image-29182\" src=\"https:\/\/www.travellingdevil.de\/wp-content\/uploads\/2025\/12\/461_2025Polen.jpg\" alt=\"\" width=\"1024\" height=\"768\" srcset=\"https:\/\/www.travellingdevil.de\/wp-content\/uploads\/2025\/12\/461_2025Polen.jpg 1024w, https:\/\/www.travellingdevil.de\/wp-content\/uploads\/2025\/12\/461_2025Polen-768x576.jpg 768w\" sizes=\"auto, (max-width: 1024px) 100vw, 1024px\" \/><\/a><\/p>\n<p><a href=\"https:\/\/www.travellingdevil.de\/?attachment_id=29183\" rel=\"attachment wp-att-29183\"><img loading=\"lazy\" decoding=\"async\" class=\"alignnone size-large wp-image-29183\" src=\"https:\/\/www.travellingdevil.de\/wp-content\/uploads\/2025\/12\/462_2025Polen.jpg\" alt=\"\" width=\"1024\" height=\"768\" srcset=\"https:\/\/www.travellingdevil.de\/wp-content\/uploads\/2025\/12\/462_2025Polen.jpg 1024w, https:\/\/www.travellingdevil.de\/wp-content\/uploads\/2025\/12\/462_2025Polen-768x576.jpg 768w\" sizes=\"auto, (max-width: 1024px) 100vw, 1024px\" \/><\/a><\/p>\n<p><a href=\"https:\/\/www.travellingdevil.de\/?attachment_id=29184\" rel=\"attachment wp-att-29184\"><img loading=\"lazy\" decoding=\"async\" class=\"alignnone size-large wp-image-29184\" src=\"https:\/\/www.travellingdevil.de\/wp-content\/uploads\/2025\/12\/463_2025Polen.jpg\" alt=\"\" width=\"1024\" height=\"768\" srcset=\"https:\/\/www.travellingdevil.de\/wp-content\/uploads\/2025\/12\/463_2025Polen.jpg 1024w, https:\/\/www.travellingdevil.de\/wp-content\/uploads\/2025\/12\/463_2025Polen-768x576.jpg 768w\" sizes=\"auto, (max-width: 1024px) 100vw, 1024px\" \/><\/a><\/p>\n<p><a href=\"https:\/\/www.travellingdevil.de\/?attachment_id=29185\" rel=\"attachment wp-att-29185\"><img loading=\"lazy\" decoding=\"async\" class=\"alignnone size-large wp-image-29185\" src=\"https:\/\/www.travellingdevil.de\/wp-content\/uploads\/2025\/12\/464_2025Polen.jpg\" alt=\"\" width=\"1024\" height=\"768\" srcset=\"https:\/\/www.travellingdevil.de\/wp-content\/uploads\/2025\/12\/464_2025Polen.jpg 1024w, https:\/\/www.travellingdevil.de\/wp-content\/uploads\/2025\/12\/464_2025Polen-768x576.jpg 768w\" sizes=\"auto, (max-width: 1024px) 100vw, 1024px\" \/><\/a><\/p>\n<p><a href=\"https:\/\/www.travellingdevil.de\/?attachment_id=29186\" rel=\"attachment wp-att-29186\"><img loading=\"lazy\" decoding=\"async\" class=\"alignnone size-large wp-image-29186\" src=\"https:\/\/www.travellingdevil.de\/wp-content\/uploads\/2025\/12\/465_2025Polen.jpg\" alt=\"\" width=\"1024\" height=\"768\" srcset=\"https:\/\/www.travellingdevil.de\/wp-content\/uploads\/2025\/12\/465_2025Polen.jpg 1024w, https:\/\/www.travellingdevil.de\/wp-content\/uploads\/2025\/12\/465_2025Polen-768x576.jpg 768w\" sizes=\"auto, (max-width: 1024px) 100vw, 1024px\" \/><\/a><\/p>\n<p>Vom Lachs \u00fcber dem Hamachi und dem Rindfleisch-Tataki bis zu der Burrata mit Feige und Kraut war das alles sehr gut. Das nachbestellte Schokoeis mit Meersalz war eher unserem Appetit und der Stimmung zuzuordnen, Hunger hatten wir da schon lange keine mehr.<\/p>\n<p>War nicht g\u00fcnstig, wie bei so einem Ort auch erwartbar, aber Service und Zutaten waren wirklich sehr, sehr gut!<\/p>\n<p>\u00c4lter wurden wir am heutigen Abend nicht mehr und so ging es dann zur\u00fcck zum Hotel und ab ins Bettchen. Aus diesem klingelte uns dann am n\u00e4chsten Tag der gestellte Wecker, denn heute hie\u00df es Warschau zu erkunden.<\/p>\n<p>Das Wetter war ganz ok, alles ohne Regen ist f\u00fcr uns ja schon ein Gewinn &#8230;<\/p>\n<p><a href=\"https:\/\/www.travellingdevil.de\/?attachment_id=29187\" rel=\"attachment wp-att-29187\"><img loading=\"lazy\" decoding=\"async\" class=\"alignnone size-large wp-image-29187\" src=\"https:\/\/www.travellingdevil.de\/wp-content\/uploads\/2025\/12\/466_2025Polen.jpg\" alt=\"\" width=\"768\" height=\"1024\"><\/a><\/p>\n<p>Warschau ist seit 1596 die Hauptstadt Polens und mit \u00fcber 1,9 Millionen Einwohnern die bev\u00f6lkerungsreichste Stadt des Landes. Die Stadt gilt als eines der wichtigsten Verkehrs-, Wirtschafts- und Handelszentren Mittel- und Osteuropas gro\u00dfe politische und kulturelle Bedeutung und beherbergt selbstverst\u00e4ndlich zahlreiche nationale und internationale Institutionen, Universit\u00e4ten, Theater, Museen und Baudenkm\u00e4ler.<\/p>\n<p>Direkt gegen\u00fcber von unserem Hotel steht direkt eines dieser Baudenkm\u00e4ler, n\u00e4mlich der Kultur- und Wissenschaftspalast. Dieser wurde zwischen 1952 und 1955 auf Anordnung Josef Stalins im Baustil des Sozialistischen Klassizismus errichteter und war mit damals 187 Metern (heute 237 Meter durch die Antenne auf dem Dach) das zweith\u00f6chste Geb\u00e4ude Europas. Heute ist es immer noch das zweith\u00f6chste in Polen nach dem 2022 fertiggestellten Varso Tower.<\/p>\n<p><a href=\"https:\/\/www.travellingdevil.de\/?attachment_id=29188\" rel=\"attachment wp-att-29188\"><img loading=\"lazy\" decoding=\"async\" class=\"alignnone size-large wp-image-29188\" src=\"https:\/\/www.travellingdevil.de\/wp-content\/uploads\/2025\/12\/467_2025Polen.jpg\" alt=\"\" width=\"1024\" height=\"768\" srcset=\"https:\/\/www.travellingdevil.de\/wp-content\/uploads\/2025\/12\/467_2025Polen.jpg 1024w, https:\/\/www.travellingdevil.de\/wp-content\/uploads\/2025\/12\/467_2025Polen-768x576.jpg 768w\" sizes=\"auto, (max-width: 1024px) 100vw, 1024px\" \/><\/a><\/p>\n<p>Anfangs noch in Wei\u00df, erscheint das Geb\u00e4ude heute in Braun-Beige, zur\u00fcckzuf\u00fchren auf die jahrzehntelange Luftverschmutzung.<\/p>\n<p>Die seit 1980 in der UNESCO-Liste des Weltkulturerbes stehende Altstadt Warschaus war dagegen sauberer und da ging es f\u00fcr uns erst einmal hin. Genauer gesagt zum sogenannten &#8222;K\u00f6nigsweg&#8220; beginnend mit der Krakowskie Przedmiescie.<\/p>\n<p><a href=\"https:\/\/www.travellingdevil.de\/?attachment_id=29189\" rel=\"attachment wp-att-29189\"><img loading=\"lazy\" decoding=\"async\" class=\"alignnone size-large wp-image-29189\" src=\"https:\/\/www.travellingdevil.de\/wp-content\/uploads\/2025\/12\/468_2025Polen.jpg\" alt=\"\" width=\"1024\" height=\"768\" srcset=\"https:\/\/www.travellingdevil.de\/wp-content\/uploads\/2025\/12\/468_2025Polen.jpg 1024w, https:\/\/www.travellingdevil.de\/wp-content\/uploads\/2025\/12\/468_2025Polen-768x576.jpg 768w\" sizes=\"auto, (max-width: 1024px) 100vw, 1024px\" \/><\/a><\/p>\n<p>Die Route begann als Verbindungsweg, der vom K\u00f6nigsschloss und dem Schlossplatz zur pers\u00f6nlichen Residenz von K\u00f6nig Jan III. Sobieski, bekannt als Wilan\u00f3w, f\u00fchrte. Die Route verl\u00e4uft durch die Altstadt von Warschau, verbindet viele bemerkenswerte Punkte und umfasst zahlreiche Denkm\u00e4ler und Sehensw\u00fcrdigkeiten. Neben den H\u00e4usern selber, die aus der Zeit rund um die Erbauung des Schlosses im 16. Jahrhundert stammten, gab es auch modernere Kunst zu sehen.<\/p>\n<p><a href=\"https:\/\/www.travellingdevil.de\/?attachment_id=29190\" rel=\"attachment wp-att-29190\"><img loading=\"lazy\" decoding=\"async\" class=\"alignnone size-large wp-image-29190\" src=\"https:\/\/www.travellingdevil.de\/wp-content\/uploads\/2025\/12\/469_2025Polen.jpg\" alt=\"\" width=\"768\" height=\"1024\"><\/a><\/p>\n<p>Allgemein sah aber alles irgendwie &#8230; ungew\u00f6hnlich aus. Und das hatte einen Grund, denn die ganze Stra\u00dfe war aufgrund von Dreharbeiten gesperrt, denn hier wurde das Buch &#8222;Lalka&#8220; von Boleslaw Prus verfilmt. Kennen wir nicht, aber die Kulissen sahen beeindruckend aus. Der Film spielt im sp\u00e4ten 19. Jahrhundert und handelt \u00fcber einen gewissen Stanislaw Wokulski und seine Karriere im damaligen Warschau.<\/p>\n<p><a href=\"https:\/\/www.travellingdevil.de\/?attachment_id=29191\" rel=\"attachment wp-att-29191\"><img loading=\"lazy\" decoding=\"async\" class=\"alignnone size-large wp-image-29191\" src=\"https:\/\/www.travellingdevil.de\/wp-content\/uploads\/2025\/12\/470_2025Polen.jpg\" alt=\"\" width=\"768\" height=\"1024\"><\/a><\/p>\n<p>Prus Werk soll, so erfuhren wir sp\u00e4ter, so genau das damalige Warschau beschreiben, dass es noch jahrzehnte sp\u00e4ter genau nachzuvollziehen war, wo welche Szene spielte. Ein bisschen so wie James Joyce ein Dritteljahrhundert sp\u00e4ter in seinem Roman \u201eUlysses\u201c f\u00fcr seine eigene Hauptstadt Dublin tat. Kein Wunder also, dass der Film an den Originalorten gedreht wurde.<\/p>\n<p><a href=\"https:\/\/www.travellingdevil.de\/?attachment_id=29192\" rel=\"attachment wp-att-29192\"><img loading=\"lazy\" decoding=\"async\" class=\"alignnone size-large wp-image-29192\" src=\"https:\/\/www.travellingdevil.de\/wp-content\/uploads\/2025\/12\/471_2025Polen.jpg\" alt=\"\" width=\"1024\" height=\"768\" srcset=\"https:\/\/www.travellingdevil.de\/wp-content\/uploads\/2025\/12\/471_2025Polen.jpg 1024w, https:\/\/www.travellingdevil.de\/wp-content\/uploads\/2025\/12\/471_2025Polen-768x576.jpg 768w\" sizes=\"auto, (max-width: 1024px) 100vw, 1024px\" \/><\/a><\/p>\n<p>Nachdem wir die Kulissen hinter uns gelassen haben, erreichten wir weitere Sehensw\u00fcrdigkeiten. Allgemein war es ein echt sch\u00f6ner Spaziergang, denn das Wetter wurde sogar etwas sonniger, die Menschen sahen zufrieden aus und lachten. So spazierten wir einfach die Stra\u00dfe entlang und lie\u00dfen uns von dem Ambiente einnehmen.<\/p>\n<p><a href=\"https:\/\/www.travellingdevil.de\/?attachment_id=29193\" rel=\"attachment wp-att-29193\"><img loading=\"lazy\" decoding=\"async\" class=\"alignnone size-large wp-image-29193\" src=\"https:\/\/www.travellingdevil.de\/wp-content\/uploads\/2025\/12\/472_2025Polen.jpg\" alt=\"\" width=\"1024\" height=\"768\" srcset=\"https:\/\/www.travellingdevil.de\/wp-content\/uploads\/2025\/12\/472_2025Polen.jpg 1024w, https:\/\/www.travellingdevil.de\/wp-content\/uploads\/2025\/12\/472_2025Polen-768x576.jpg 768w\" sizes=\"auto, (max-width: 1024px) 100vw, 1024px\" \/><\/a><\/p>\n<p>Die Geb\u00e4ude, Fassaden und Tore waren echt sehenswert und unser GPS Track, dem wir mal wieder folgten, gab uns auch hier und da ein paar Hintergrundinfos. Oder Fun Facts.<\/p>\n<p><a href=\"https:\/\/www.travellingdevil.de\/?attachment_id=29194\" rel=\"attachment wp-att-29194\"><img loading=\"lazy\" decoding=\"async\" class=\"alignnone size-large wp-image-29194\" src=\"https:\/\/www.travellingdevil.de\/wp-content\/uploads\/2025\/12\/473_2025Polen.jpg\" alt=\"\" width=\"1024\" height=\"768\" srcset=\"https:\/\/www.travellingdevil.de\/wp-content\/uploads\/2025\/12\/473_2025Polen.jpg 1024w, https:\/\/www.travellingdevil.de\/wp-content\/uploads\/2025\/12\/473_2025Polen-768x576.jpg 768w\" sizes=\"auto, (max-width: 1024px) 100vw, 1024px\" \/><\/a><\/p>\n<p><a href=\"https:\/\/www.travellingdevil.de\/?attachment_id=29195\" rel=\"attachment wp-att-29195\"><img loading=\"lazy\" decoding=\"async\" class=\"alignnone size-large wp-image-29195\" src=\"https:\/\/www.travellingdevil.de\/wp-content\/uploads\/2025\/12\/474_2025Polen.jpg\" alt=\"\" width=\"768\" height=\"1024\"><\/a><\/p>\n<p>Die Karmeliterkirche, eine r\u00f6misch-katholische Kirche, haben wir dann auch betreten. Einfach, weil sie offen war.<\/p>\n<p><a href=\"https:\/\/www.travellingdevil.de\/?attachment_id=29196\" rel=\"attachment wp-att-29196\"><img loading=\"lazy\" decoding=\"async\" class=\"alignnone size-large wp-image-29196\" src=\"https:\/\/www.travellingdevil.de\/wp-content\/uploads\/2025\/12\/475_2025Polen.jpg\" alt=\"\" width=\"768\" height=\"1024\"><\/a><\/p>\n<p>Die Kirche wurde in den Jahren 1661 bis 1681 von den Karmelitern im Stil des Barock durch Isidoro Affaitati erbaut. Die Rokoko-Fassade der Kirche geht auf Ephraim Schr\u00f6ger zur\u00fcck. Die Kirche ist eine der wenigen Warschauer Sakralbauten in der Innenstadt, die w\u00e4hrend des Zweiten Weltkrieges nicht zerst\u00f6rt wurden. Unmittelbar nach dem Krieg kam ihr daher bis zum Wiederaufbau der Johanneskathedrale die Funktion der Kathedrale zu.<\/p>\n<p>Und sah drinnen schon sch\u00f6n aus.<\/p>\n<p><a href=\"https:\/\/www.travellingdevil.de\/?attachment_id=29197\" rel=\"attachment wp-att-29197\"><img loading=\"lazy\" decoding=\"async\" class=\"alignnone size-large wp-image-29197\" src=\"https:\/\/www.travellingdevil.de\/wp-content\/uploads\/2025\/12\/476_2025Polen.jpg\" alt=\"\" width=\"768\" height=\"1024\"><\/a><\/p>\n<p><a href=\"https:\/\/www.travellingdevil.de\/?attachment_id=29198\" rel=\"attachment wp-att-29198\"><img loading=\"lazy\" decoding=\"async\" class=\"alignnone size-large wp-image-29198\" src=\"https:\/\/www.travellingdevil.de\/wp-content\/uploads\/2025\/12\/477_2025Polen.jpg\" alt=\"\" width=\"1024\" height=\"768\" srcset=\"https:\/\/www.travellingdevil.de\/wp-content\/uploads\/2025\/12\/477_2025Polen.jpg 1024w, https:\/\/www.travellingdevil.de\/wp-content\/uploads\/2025\/12\/477_2025Polen-768x576.jpg 768w\" sizes=\"auto, (max-width: 1024px) 100vw, 1024px\" \/><\/a><\/p>\n<p>Wie gesagt, viele repr\u00e4sentative Geb\u00e4ude wie eben auch der Pr\u00e4sidentenpalast sind hier zu finden. Da er als milit\u00e4rischer Sicherheitsbereich ausgezeichnet wurde, muss man schauen, dass man nicht die Soldaten mit auf das Bild bekommt.<\/p>\n<p><a href=\"https:\/\/www.travellingdevil.de\/?attachment_id=29199\" rel=\"attachment wp-att-29199\"><img loading=\"lazy\" decoding=\"async\" class=\"alignnone size-large wp-image-29199\" src=\"https:\/\/www.travellingdevil.de\/wp-content\/uploads\/2025\/12\/478_2025Polen.jpg\" alt=\"\" width=\"1024\" height=\"768\" srcset=\"https:\/\/www.travellingdevil.de\/wp-content\/uploads\/2025\/12\/478_2025Polen.jpg 1024w, https:\/\/www.travellingdevil.de\/wp-content\/uploads\/2025\/12\/478_2025Polen-768x576.jpg 768w\" sizes=\"auto, (max-width: 1024px) 100vw, 1024px\" \/><\/a><\/p>\n<p>Diese Statue erinnert an Adam Mickiewicz, einen polnischer Dichter der Romantik. Er gilt als bedeutendster der Drei Barden der Polnischen Romantik in einer Zeit der Nichtexistenz eines polnischen Nationalstaats und als Nationaldichter Polens. Die Statue wurde am 100. Geburtstag des Dichters 1898 er\u00f6ffnet. Im zweiten Weltkrieg demontierten die deutschen Besatzer die Statue und schicken die verwertbaren Teile nach Deutschland, um damit Waffen zu bauen.<\/p>\n<p>Nach dem zweiten Weltkrieg stellte sich dann heraus, dass der Kopf und der Torso nicht eingeschmolzen wurden und wurden zur\u00fcck nach Polen gebracht und 1950 in das heutige Denkmal integriert.<\/p>\n<p><a href=\"https:\/\/www.travellingdevil.de\/?attachment_id=29200\" rel=\"attachment wp-att-29200\"><img loading=\"lazy\" decoding=\"async\" class=\"alignnone size-large wp-image-29200\" src=\"https:\/\/www.travellingdevil.de\/wp-content\/uploads\/2025\/12\/479_2025Polen.jpg\" alt=\"\" width=\"768\" height=\"1024\"><\/a><\/p>\n<p>Und so ging es weiter in Richtung Altstadt, der n\u00e4chste Halt war die Annakirche.<\/p>\n<p>Die Kirche wurde mit dem dazu geh\u00f6renden Bernhardinerkloster in den Jahren 1454 erbaut und von einer Stifterin finanziert. Sie brannte im 16. Jahrhundert mehrmals ab, wurde aber immer wieder aufgebaut. Auch im Warschauer Aufstand wurde sie von der Wehrmacht zun\u00e4chst niedergebrannt und offensichtlich wieder aufgebaut.<\/p>\n<p><a href=\"https:\/\/www.travellingdevil.de\/?attachment_id=29201\" rel=\"attachment wp-att-29201\"><img loading=\"lazy\" decoding=\"async\" class=\"alignnone size-large wp-image-29201\" src=\"https:\/\/www.travellingdevil.de\/wp-content\/uploads\/2025\/12\/480_2025Polen.jpg\" alt=\"\" width=\"1024\" height=\"768\" srcset=\"https:\/\/www.travellingdevil.de\/wp-content\/uploads\/2025\/12\/480_2025Polen.jpg 1024w, https:\/\/www.travellingdevil.de\/wp-content\/uploads\/2025\/12\/480_2025Polen-768x576.jpg 768w\" sizes=\"auto, (max-width: 1024px) 100vw, 1024px\" \/><\/a><\/p>\n<p>Und da eine Nebent\u00fcr offen war, gingen wir rein.<\/p>\n<p><a href=\"https:\/\/www.travellingdevil.de\/?attachment_id=29202\" rel=\"attachment wp-att-29202\"><img loading=\"lazy\" decoding=\"async\" class=\"alignnone size-large wp-image-29202\" src=\"https:\/\/www.travellingdevil.de\/wp-content\/uploads\/2025\/12\/481_2025Polen.jpg\" alt=\"\" width=\"1024\" height=\"768\" srcset=\"https:\/\/www.travellingdevil.de\/wp-content\/uploads\/2025\/12\/481_2025Polen.jpg 1024w, https:\/\/www.travellingdevil.de\/wp-content\/uploads\/2025\/12\/481_2025Polen-768x576.jpg 768w\" sizes=\"auto, (max-width: 1024px) 100vw, 1024px\" \/><\/a><\/p>\n<p>Am 3. Juni 1979 besuchte Papst Johannes Paul II. die Kirche und sprach mit der dortigen Jugend. Diesem Ereignis wird mit einer Gedenktafel erinnert.<\/p>\n<p>Neben den ganzen Denkm\u00e4lern und Geb\u00e4uden gab es nat\u00fcrlich auch hier und da touristische Dinge. Die interessieren uns ja etwas weniger, lockerten aber auch etwas auf.<\/p>\n<p><a href=\"https:\/\/www.travellingdevil.de\/?attachment_id=29203\" rel=\"attachment wp-att-29203\"><img loading=\"lazy\" decoding=\"async\" class=\"alignnone size-large wp-image-29203\" src=\"https:\/\/www.travellingdevil.de\/wp-content\/uploads\/2025\/12\/482_2025Polen.jpg\" alt=\"\" width=\"768\" height=\"1024\"><\/a><\/p>\n<p>Das Ende des K\u00f6nigsweges bildete der Schlossplatz auf dem die Sigismunds\u00e4ule seit 1644 steht. Fr\u00fcher fuhren hier auch Autos und Stra\u00dfenbahnen \u00fcber den Platz, doch seitdem 1949 ein Tunnel unter dem Platz er\u00f6ffnet wurde, kann man hier gefahrlos herumstehen und wieder einfach nur das Ganze genie\u00dfen.<\/p>\n<p>Das Warschauer Schloss ist der ehemalige Sitz der K\u00f6nige von Polen in Warschau. Gegr\u00fcndet im 13. Jahrhundert, wandelte es sich w\u00e4hrend der Herrschaft von Sigismund III. Wasa zur barocken Vierfl\u00fcgelanlage. Daher auch die S\u00e4ule auf dem Platz.<\/p>\n<p>Nach der Zerst\u00f6rung 1944 durch die deutsche Besatzungsmacht wurde es 1971 bis 1984 vom polnischen Staat wiederaufgebaut. Seitdem ist es Sitz des Schlossmuseums, aufgrund der Menschenmengen davor und dem guten Wetter \u00fcber uns sind wir da aber nicht rein.<\/p>\n<p><a href=\"https:\/\/www.travellingdevil.de\/?attachment_id=29204\" rel=\"attachment wp-att-29204\"><img loading=\"lazy\" decoding=\"async\" class=\"alignnone size-large wp-image-29204\" src=\"https:\/\/www.travellingdevil.de\/wp-content\/uploads\/2025\/12\/483_2025Polen.jpg\" alt=\"\" width=\"1024\" height=\"768\" srcset=\"https:\/\/www.travellingdevil.de\/wp-content\/uploads\/2025\/12\/483_2025Polen.jpg 1024w, https:\/\/www.travellingdevil.de\/wp-content\/uploads\/2025\/12\/483_2025Polen-768x576.jpg 768w\" sizes=\"auto, (max-width: 1024px) 100vw, 1024px\" \/><\/a><\/p>\n<p><a href=\"https:\/\/www.travellingdevil.de\/?attachment_id=29205\" rel=\"attachment wp-att-29205\"><img loading=\"lazy\" decoding=\"async\" class=\"alignnone size-large wp-image-29205\" src=\"https:\/\/www.travellingdevil.de\/wp-content\/uploads\/2025\/12\/484_2025Polen.jpg\" alt=\"\" width=\"768\" height=\"1024\"><\/a><\/p>\n<p><a href=\"https:\/\/www.travellingdevil.de\/?attachment_id=29206\" rel=\"attachment wp-att-29206\"><img loading=\"lazy\" decoding=\"async\" class=\"alignnone size-large wp-image-29206\" src=\"https:\/\/www.travellingdevil.de\/wp-content\/uploads\/2025\/12\/485_2025Polen.jpg\" alt=\"\" width=\"1024\" height=\"768\" srcset=\"https:\/\/www.travellingdevil.de\/wp-content\/uploads\/2025\/12\/485_2025Polen.jpg 1024w, https:\/\/www.travellingdevil.de\/wp-content\/uploads\/2025\/12\/485_2025Polen-768x576.jpg 768w\" sizes=\"auto, (max-width: 1024px) 100vw, 1024px\" \/><\/a><\/p>\n<p>Dahinter folgte dann die Altstadt, so wie man sich eine Altstadt vorstellt: Enge Gassen, kleine L\u00e4den, viele Touristen. Also &#8230; relativ zum bisherigen Spaziergang.<\/p>\n<p><a href=\"https:\/\/www.travellingdevil.de\/?attachment_id=29207\" rel=\"attachment wp-att-29207\"><img loading=\"lazy\" decoding=\"async\" class=\"alignnone size-large wp-image-29207\" src=\"https:\/\/www.travellingdevil.de\/wp-content\/uploads\/2025\/12\/486_2025Polen.jpg\" alt=\"\" width=\"768\" height=\"1024\"><\/a><\/p>\n<p><a href=\"https:\/\/www.travellingdevil.de\/?attachment_id=29208\" rel=\"attachment wp-att-29208\"><img loading=\"lazy\" decoding=\"async\" class=\"alignnone size-large wp-image-29208\" src=\"https:\/\/www.travellingdevil.de\/wp-content\/uploads\/2025\/12\/487_2025Polen.jpg\" alt=\"\" width=\"1024\" height=\"768\" srcset=\"https:\/\/www.travellingdevil.de\/wp-content\/uploads\/2025\/12\/487_2025Polen.jpg 1024w, https:\/\/www.travellingdevil.de\/wp-content\/uploads\/2025\/12\/487_2025Polen-768x576.jpg 768w\" sizes=\"auto, (max-width: 1024px) 100vw, 1024px\" \/><\/a><\/p>\n<p><a href=\"https:\/\/www.travellingdevil.de\/?attachment_id=29209\" rel=\"attachment wp-att-29209\"><img loading=\"lazy\" decoding=\"async\" class=\"alignnone size-large wp-image-29209\" src=\"https:\/\/www.travellingdevil.de\/wp-content\/uploads\/2025\/12\/488_2025Polen.jpg\" alt=\"\" width=\"768\" height=\"1024\"><\/a><\/p>\n<p>Auf dem Platz steht eine Statue von Syrenka, der &#8222;kleinen Meerjungfrau&#8220; von Warschau. Sie ist seit mindestens dem 14. Jahrhundert auf dem offiziellen Wappen der Stadt zu sehen. Die Statue steht seit 1855 an dieser Stelle.<\/p>\n<p><a href=\"https:\/\/www.travellingdevil.de\/?attachment_id=29210\" rel=\"attachment wp-att-29210\"><img loading=\"lazy\" decoding=\"async\" class=\"alignnone size-large wp-image-29210\" src=\"https:\/\/www.travellingdevil.de\/wp-content\/uploads\/2025\/12\/489_2025Polen.jpg\" alt=\"\" width=\"768\" height=\"1024\"><\/a><\/p>\n<p>Es gibt mehrere Legenden \u00fcber die Meerjungfrau. In der Literatur und in Reisef\u00fchrern der Stadt hei\u00dft es, dass die Meerjungfrau beschloss, zu bleiben, nachdem sie an einem Flussufer in der N\u00e4he der Altstadt Halt gemacht hatte. Fischer bemerkten, dass etwas Wellen verursachte, ihre Netze verhedderte und ihre Fische befreite. Sie planten, das Tier zu fangen, h\u00f6rten dann aber ihren Gesang und verliebten sich in sie. Ein reicher Kaufmann fing die Meerjungfrau und sperrte sie ein. Als die Fischer ihre Schreie h\u00f6rten, retteten sie sie. Seitdem ist die Meerjungfrau, bewaffnet mit einem Schwert und einem Schild, bereit, die Stadt und ihre Bewohner zu besch\u00fctzen.<\/p>\n<p>Manchmal wird diese Legende erweitert und besagt, dass die Kleine Meerjungfrau in Kopenhagen die Schwester der Warschauer Meerjungfrau ist und dass sie sich von der Ostsee aus getrennt haben. Eine andere Legende besagt, dass sie einem Prinzen half, der sich auf der Jagd verirrt hatte, und dass er ihr zu Ehren die Stadt gr\u00fcndete.<\/p>\n<p>So oder so: Ganz auf die Meerjungfrau wollte man sich dann doch nicht verlassen und baute auch eine ordentliche Stadtmauer.<\/p>\n<p><a href=\"https:\/\/www.travellingdevil.de\/?attachment_id=29211\" rel=\"attachment wp-att-29211\"><img loading=\"lazy\" decoding=\"async\" class=\"alignnone size-large wp-image-29211\" src=\"https:\/\/www.travellingdevil.de\/wp-content\/uploads\/2025\/12\/490_2025Polen.jpg\" alt=\"\" width=\"768\" height=\"1024\"><\/a><\/p>\n<p>Damit war unser GPS Track auch zu Ende, wir gingen aber noch was weiter und wurden mir so mancher sch\u00f6nen Stra\u00dfe belohnt.<\/p>\n<p><a href=\"https:\/\/www.travellingdevil.de\/?attachment_id=29212\" rel=\"attachment wp-att-29212\"><img loading=\"lazy\" decoding=\"async\" class=\"alignnone size-large wp-image-29212\" src=\"https:\/\/www.travellingdevil.de\/wp-content\/uploads\/2025\/12\/491_2025Polen.jpg\" alt=\"\" width=\"768\" height=\"1024\"><\/a><\/p>\n<p>Aber einen Programmpunkt, wenn man es so nennen will, hatten wir noch vor uns: Das Denkmal des Warschauer Aufstandes auf dem Krasineski Platz vor dem Obersten Gericht Polens.<\/p>\n<p><a href=\"https:\/\/www.travellingdevil.de\/?attachment_id=29213\" rel=\"attachment wp-att-29213\"><img loading=\"lazy\" decoding=\"async\" class=\"alignnone size-large wp-image-29213\" src=\"https:\/\/www.travellingdevil.de\/wp-content\/uploads\/2025\/12\/492_2025Polen.jpg\" alt=\"\" width=\"1024\" height=\"768\" srcset=\"https:\/\/www.travellingdevil.de\/wp-content\/uploads\/2025\/12\/492_2025Polen.jpg 1024w, https:\/\/www.travellingdevil.de\/wp-content\/uploads\/2025\/12\/492_2025Polen-768x576.jpg 768w\" sizes=\"auto, (max-width: 1024px) 100vw, 1024px\" \/><\/a><\/p>\n<p>Das Denkmal wurde als &#8222;das wichtigste Denkmal des Nachkriegs-Warschau&#8220; bezeichnet und geh\u00f6rt zu den meistbesuchten Sehensw\u00fcrdigkeiten f\u00fcr ausl\u00e4ndische Touristen.<\/p>\n<p><a href=\"https:\/\/www.travellingdevil.de\/?attachment_id=29214\" rel=\"attachment wp-att-29214\"><img loading=\"lazy\" decoding=\"async\" class=\"alignnone size-large wp-image-29214\" src=\"https:\/\/www.travellingdevil.de\/wp-content\/uploads\/2025\/12\/493_2025Polen.jpg\" alt=\"\" width=\"1024\" height=\"768\" srcset=\"https:\/\/www.travellingdevil.de\/wp-content\/uploads\/2025\/12\/493_2025Polen.jpg 1024w, https:\/\/www.travellingdevil.de\/wp-content\/uploads\/2025\/12\/493_2025Polen-768x576.jpg 768w\" sizes=\"auto, (max-width: 1024px) 100vw, 1024px\" \/><\/a><\/p>\n<p>Der Warschauer Aufstand brach am 1. August 1944 aus und dauerte bis zum 2. Oktober 1944 an. Er ist eines der wichtigsten und verheerendsten Ereignisse in der Geschichte Warschaus und Polens, denn Warschau wurde w\u00e4hrenddessen fast komplett zerst\u00f6rt.<\/p>\n<p>Dennoch war es auch ein Ereignis, das die kommunistischen Beh\u00f6rden der Nachkriegs-Volksrepublik Polen als h\u00f6chst umstritten empfanden, da es von der polnischen Widerstandsbewegung organisiert wurde, die w\u00e4hrend des Zweiten Weltkriegs f\u00fcr Polens Unabh\u00e4ngigkeit gek\u00e4mpft hatte, haupts\u00e4chlich der Heimatarmee, deren \u00dcberreste vom stalinistischen Nachkriegsregime brutal unterdr\u00fcckt wurden. Zus\u00e4tzlich hatte Josef Stalin den sowjetischen Vormarsch durch polnisches Territorium unmittelbar nach Ausbruch des Aufstands absichtlich kurz vor Warschau gestoppt, und er weigerte sich nicht nur, den Aufst\u00e4ndischen zu helfen, sondern verweigerte auch westlichen Alliierten die Landung und das Auftanken auf sowjetisch kontrolliertem Gebiet, um sicherzustellen, dass nur sehr begrenzte Vorr\u00e4te nach Warschau geliefert werden konnten.<\/p>\n<p>Infolgedessen wurde die Bedeutung des Aufstands viele Jahre nach dem Krieg heruntergespielt, und die Heimatarmee sowie die polnische Exilregierung wurden von der kommunistischen Propaganda verurteilt. Solche politischen Faktoren machten eine offizielle Gedenkst\u00e4tte f\u00fcr den Warschauer Aufstand jahrzehntelang unm\u00f6glich, und nachfolgende Debatten \u00fcber Form und Standort des Denkmals verz\u00f6gerten das Projekt weiter.<\/p>\n<p>Polens kommunistische Regierung erteilte schlie\u00dflich am 12. April 1988 die Erlaubnis zum Bau des Denkmals. Es wurde am 1. August 1989, dem 45. Jahrestag des Aufstands, enth\u00fcllt.<\/p>\n<p>Und mit dieser weiteren Erinnerung an die komplexe Geschichte Polens als Nation und Warschau als Stadt suchten wir etwas Ruhe und Erholung. Also fuhren wir ein wenig Tram. Kein Blog ohne Bahncontent!<\/p>\n<p><a href=\"https:\/\/www.travellingdevil.de\/?attachment_id=29215\" rel=\"attachment wp-att-29215\"><img loading=\"lazy\" decoding=\"async\" class=\"alignnone size-large wp-image-29215\" src=\"https:\/\/www.travellingdevil.de\/wp-content\/uploads\/2025\/12\/494_2025Polen.jpg\" alt=\"\" width=\"768\" height=\"1024\"><\/a><\/p>\n<p>Weil das auf Dauer aber auch nicht so toll war, kehrten wir in einem Laden namens &#8222;White Crow Craft Beer &amp; Kitchen&#8220; ein, um dort den ersten aufkommenden Hunger und Durst zu stillen.<\/p>\n<p><a href=\"https:\/\/www.travellingdevil.de\/?attachment_id=29216\" rel=\"attachment wp-att-29216\"><img loading=\"lazy\" decoding=\"async\" class=\"alignnone size-large wp-image-29216\" src=\"https:\/\/www.travellingdevil.de\/wp-content\/uploads\/2025\/12\/495_2025Polen.jpg\" alt=\"\" width=\"768\" height=\"1024\"><\/a><\/p>\n<p><a href=\"https:\/\/www.travellingdevil.de\/?attachment_id=29217\" rel=\"attachment wp-att-29217\"><img loading=\"lazy\" decoding=\"async\" class=\"alignnone size-large wp-image-29217\" src=\"https:\/\/www.travellingdevil.de\/wp-content\/uploads\/2025\/12\/496_2025Polen.jpg\" alt=\"\" width=\"1024\" height=\"768\" srcset=\"https:\/\/www.travellingdevil.de\/wp-content\/uploads\/2025\/12\/496_2025Polen.jpg 1024w, https:\/\/www.travellingdevil.de\/wp-content\/uploads\/2025\/12\/496_2025Polen-768x576.jpg 768w\" sizes=\"auto, (max-width: 1024px) 100vw, 1024px\" \/><\/a><\/p>\n<p><a href=\"https:\/\/www.travellingdevil.de\/?attachment_id=29218\" rel=\"attachment wp-att-29218\"><img loading=\"lazy\" decoding=\"async\" class=\"alignnone size-large wp-image-29218\" src=\"https:\/\/www.travellingdevil.de\/wp-content\/uploads\/2025\/12\/497_2025Polen.jpg\" alt=\"\" width=\"1024\" height=\"768\" srcset=\"https:\/\/www.travellingdevil.de\/wp-content\/uploads\/2025\/12\/497_2025Polen.jpg 1024w, https:\/\/www.travellingdevil.de\/wp-content\/uploads\/2025\/12\/497_2025Polen-768x576.jpg 768w\" sizes=\"auto, (max-width: 1024px) 100vw, 1024px\" \/><\/a><\/p>\n<p>Und weil das mit dem Hunger drohte \u00dcberhand zu nehmen, teilten wir uns noch eine Nachmittags-Pizza, die ebenfalls recht gut schmeckte. Denn wir waren schlie\u00dflich im Urlaub!<\/p>\n<p><a href=\"https:\/\/www.travellingdevil.de\/?attachment_id=29219\" rel=\"attachment wp-att-29219\"><img loading=\"lazy\" decoding=\"async\" class=\"alignnone size-large wp-image-29219\" src=\"https:\/\/www.travellingdevil.de\/wp-content\/uploads\/2025\/12\/498_2025Polen.jpg\" alt=\"\" width=\"1024\" height=\"768\" srcset=\"https:\/\/www.travellingdevil.de\/wp-content\/uploads\/2025\/12\/498_2025Polen.jpg 1024w, https:\/\/www.travellingdevil.de\/wp-content\/uploads\/2025\/12\/498_2025Polen-768x576.jpg 768w\" sizes=\"auto, (max-width: 1024px) 100vw, 1024px\" \/><\/a><\/p>\n<p>Da wir ehrlich gesagt in der Craftbeer-Bar etwas versackten wurden den Rest des Tages auch keine Heldentaten mehr vollbracht. Denn es ging nach ein bisschen Tram und Bus zur\u00fcck ins Hotel. Und da dann einfach nur noch in die Hotelbar zu unserem Gratis-Getr\u00e4nk und einem eher schlechten Sandwich.<\/p>\n<p><a href=\"https:\/\/www.travellingdevil.de\/?attachment_id=29220\" rel=\"attachment wp-att-29220\"><img loading=\"lazy\" decoding=\"async\" class=\"alignnone size-large wp-image-29220\" src=\"https:\/\/www.travellingdevil.de\/wp-content\/uploads\/2025\/12\/499_2025Polen.jpg\" alt=\"\" width=\"1024\" height=\"768\" srcset=\"https:\/\/www.travellingdevil.de\/wp-content\/uploads\/2025\/12\/499_2025Polen.jpg 1024w, https:\/\/www.travellingdevil.de\/wp-content\/uploads\/2025\/12\/499_2025Polen-768x576.jpg 768w\" sizes=\"auto, (max-width: 1024px) 100vw, 1024px\" \/><\/a><\/p>\n<p>Beziehungsweise einer Art Suppe.<\/p>\n<p><a href=\"https:\/\/www.travellingdevil.de\/?attachment_id=29221\" rel=\"attachment wp-att-29221\"><img loading=\"lazy\" decoding=\"async\" class=\"alignnone size-large wp-image-29221\" src=\"https:\/\/www.travellingdevil.de\/wp-content\/uploads\/2025\/12\/500_2025Polen.jpg\" alt=\"\" width=\"1024\" height=\"768\" srcset=\"https:\/\/www.travellingdevil.de\/wp-content\/uploads\/2025\/12\/500_2025Polen.jpg 1024w, https:\/\/www.travellingdevil.de\/wp-content\/uploads\/2025\/12\/500_2025Polen-768x576.jpg 768w\" sizes=\"auto, (max-width: 1024px) 100vw, 1024px\" \/><\/a><\/p>\n<p>Das war ehrlich gesagt schon entt\u00e4uschend, aber Hotelbars sind ja in der Regel auch nicht f\u00fcr kulinarische Highlights bekannt. Und morgen, unserem letzten Tag in Polen, sollte es ja noch einmal ein Highlight geben. Davon aber sp\u00e4ter mehr, heute verarbeiteten wir erst einmal die vielen Eindr\u00fccke, die wir in Warschau gesammelt haben.<\/p>\n<p>Und warum wir am Ende des Tages aus einem Automaten eine RedBull-Sim-Card f\u00fcr 1 Euro gekauft haben, erschlie\u00dft sich uns nicht mehr. Wir schieben es auf die Suppe &#8230;<\/p>\n","protected":false},"excerpt":{"rendered":"<p>Nachdem wir uns von der anstrengenden Bahnfahrt erholt haben, stellte sich langsam etwas Appetit ein. Da wir im Urlaub eher Planungssicherheit haben wollen, suchten wir&#8230;<\/p>\n<div class=\"more-link-wrapper\"><a class=\"more-link\" href=\"https:\/\/www.travellingdevil.de\/?p=29174\">Weiterlesen<span class=\"screen-reader-text\">Der erste Abend und der erste Tag in Warschau<\/span><\/a><\/div>\n","protected":false},"author":3,"featured_media":29187,"comment_status":"open","ping_status":"open","sticky":false,"template":"","format":"standard","meta":{"iawp_total_views":0,"footnotes":""},"categories":[482],"tags":[448,61,67,80,484,487],"class_list":["post-29174","post","type-post","status-publish","format-standard","has-post-thumbnail","hentry","category-polen2025","tag-448","tag-craftbeer","tag-eisenbahn","tag-food","tag-polen","tag-warschau","entry"],"views":65,"_links":{"self":[{"href":"https:\/\/www.travellingdevil.de\/index.php?rest_route=\/wp\/v2\/posts\/29174","targetHints":{"allow":["GET"]}}],"collection":[{"href":"https:\/\/www.travellingdevil.de\/index.php?rest_route=\/wp\/v2\/posts"}],"about":[{"href":"https:\/\/www.travellingdevil.de\/index.php?rest_route=\/wp\/v2\/types\/post"}],"author":[{"embeddable":true,"href":"https:\/\/www.travellingdevil.de\/index.php?rest_route=\/wp\/v2\/users\/3"}],"replies":[{"embeddable":true,"href":"https:\/\/www.travellingdevil.de\/index.php?rest_route=%2Fwp%2Fv2%2Fcomments&post=29174"}],"version-history":[{"count":3,"href":"https:\/\/www.travellingdevil.de\/index.php?rest_route=\/wp\/v2\/posts\/29174\/revisions"}],"predecessor-version":[{"id":29302,"href":"https:\/\/www.travellingdevil.de\/index.php?rest_route=\/wp\/v2\/posts\/29174\/revisions\/29302"}],"wp:featuredmedia":[{"embeddable":true,"href":"https:\/\/www.travellingdevil.de\/index.php?rest_route=\/wp\/v2\/media\/29187"}],"wp:attachment":[{"href":"https:\/\/www.travellingdevil.de\/index.php?rest_route=%2Fwp%2Fv2%2Fmedia&parent=29174"}],"wp:term":[{"taxonomy":"category","embeddable":true,"href":"https:\/\/www.travellingdevil.de\/index.php?rest_route=%2Fwp%2Fv2%2Fcategories&post=29174"},{"taxonomy":"post_tag","embeddable":true,"href":"https:\/\/www.travellingdevil.de\/index.php?rest_route=%2Fwp%2Fv2%2Ftags&post=29174"}],"curies":[{"name":"wp","href":"https:\/\/api.w.org\/{rel}","templated":true}]}}