{"id":3152,"date":"2014-05-21T20:24:13","date_gmt":"2014-05-21T19:24:13","guid":{"rendered":"http:\/\/travellingdevil.de\/wordpress\/?p=3152"},"modified":"2020-07-15T13:39:15","modified_gmt":"2020-07-15T12:39:15","slug":"ein-tag-an-einigen-straenden","status":"publish","type":"post","link":"https:\/\/www.travellingdevil.de\/?p=3152","title":{"rendered":"Ein Tag an einigen Str\u00e4nden"},"content":{"rendered":"<p>Auch wenn wir den Tag eigentlich komplett mit dem wundersch\u00f6nen Blick aufs Meer verbringen k\u00f6nnten &#8230;<\/p>\n<p><a href=\"http:\/\/travellingdevil.de\/?attachment_id=3168\" rel=\"attachment wp-att-3168\"><img loading=\"lazy\" decoding=\"async\" class=\"alignnone wp-image-3168 size-full\" src=\"https:\/\/travellingdevil.de\/wp-content\/uploads\/2014\/05\/159_Genf_Mallorca_20141.jpg\" alt=\"159_Genf_Mallorca_2014\" width=\"1024\" height=\"768\" srcset=\"https:\/\/www.travellingdevil.de\/wp-content\/uploads\/2014\/05\/159_Genf_Mallorca_20141.jpg 1024w, https:\/\/www.travellingdevil.de\/wp-content\/uploads\/2014\/05\/159_Genf_Mallorca_20141-150x113.jpg 150w, https:\/\/www.travellingdevil.de\/wp-content\/uploads\/2014\/05\/159_Genf_Mallorca_20141-533x400.jpg 533w\" sizes=\"auto, (max-width: 1024px) 100vw, 1024px\" \/><\/a><\/p>\n<p>&#8230; (hier das Beispiel eines in sich versunkenen Chris) so konnten einige die Ruhe nicht aushalten und sind ein St\u00fcck s\u00fcdlich in den Parc Natural Mondrag\u00f3 gefahren und dort ein wenig entlang der K\u00fcste gewandert. Genauer gesagt waren dies Birte, Julia, Holger und Meike.<\/p>\n<p><a href=\"http:\/\/travellingdevil.de\/?attachment_id=3170\" rel=\"attachment wp-att-3170\"><img loading=\"lazy\" decoding=\"async\" class=\"alignnone wp-image-3170 size-full\" src=\"https:\/\/travellingdevil.de\/wp-content\/uploads\/2014\/05\/161_Genf_Mallorca_20141.jpg\" alt=\"161_Genf_Mallorca_2014\" width=\"1024\" height=\"768\" srcset=\"https:\/\/www.travellingdevil.de\/wp-content\/uploads\/2014\/05\/161_Genf_Mallorca_20141.jpg 1024w, https:\/\/www.travellingdevil.de\/wp-content\/uploads\/2014\/05\/161_Genf_Mallorca_20141-150x113.jpg 150w, https:\/\/www.travellingdevil.de\/wp-content\/uploads\/2014\/05\/161_Genf_Mallorca_20141-533x400.jpg 533w\" sizes=\"auto, (max-width: 1024px) 100vw, 1024px\" \/><\/a><\/p>\n<p>Auch wenn einiges der Wegstrecke mit ein wenig kraxeln verbunden war, so gab es doch einige nette Buchten und Str\u00e4nde zu sehen.<\/p>\n<p>Hier die sehr einsame Borgit-Bucht, die gemeinerweise Felsen direkt unter der Brandung versteckt h\u00e4lt, so dass die Wassertemperatur nicht das einzige war was uns von einem Bad abgehalten hat.<\/p>\n<p><a href=\"http:\/\/travellingdevil.de\/?attachment_id=3169\" rel=\"attachment wp-att-3169\"><img loading=\"lazy\" decoding=\"async\" class=\"alignnone wp-image-3169 size-full\" src=\"https:\/\/travellingdevil.de\/wp-content\/uploads\/2014\/05\/160_Genf_Mallorca_20141.jpg\" alt=\"160_Genf_Mallorca_2014\" width=\"1024\" height=\"768\" srcset=\"https:\/\/www.travellingdevil.de\/wp-content\/uploads\/2014\/05\/160_Genf_Mallorca_20141.jpg 1024w, https:\/\/www.travellingdevil.de\/wp-content\/uploads\/2014\/05\/160_Genf_Mallorca_20141-150x113.jpg 150w, https:\/\/www.travellingdevil.de\/wp-content\/uploads\/2014\/05\/160_Genf_Mallorca_20141-533x400.jpg 533w\" sizes=\"auto, (max-width: 1024px) 100vw, 1024px\" \/><\/a><\/p>\n<p>Fernab der ausgezeichneteten Wegstrecke erwartete ein Ausblick auf die ebenbesuchte Boriabucht (in der Mitte) und am Horizont unsere Finka (rechs oben)<\/p>\n<p><a href=\"http:\/\/travellingdevil.de\/?attachment_id=3171\" rel=\"attachment wp-att-3171\"><img loading=\"lazy\" decoding=\"async\" class=\"alignnone wp-image-3171 size-full\" src=\"https:\/\/travellingdevil.de\/wp-content\/uploads\/2014\/05\/162_Genf_Mallorca_2014.jpg\" alt=\"162_Genf_Mallorca_2014\" width=\"1024\" height=\"768\" srcset=\"https:\/\/www.travellingdevil.de\/wp-content\/uploads\/2014\/05\/162_Genf_Mallorca_2014.jpg 1024w, https:\/\/www.travellingdevil.de\/wp-content\/uploads\/2014\/05\/162_Genf_Mallorca_2014-150x113.jpg 150w, https:\/\/www.travellingdevil.de\/wp-content\/uploads\/2014\/05\/162_Genf_Mallorca_2014-533x400.jpg 533w\" sizes=\"auto, (max-width: 1024px) 100vw, 1024px\" \/><\/a><\/p>\n<p>Auf dem Weg zur Mondragobucht konnte man schon erste Blicke auf die Amaradorbucht erhaschen.<\/p>\n<p><a href=\"http:\/\/travellingdevil.de\/?attachment_id=3172\" rel=\"attachment wp-att-3172\"><img loading=\"lazy\" decoding=\"async\" class=\"alignnone wp-image-3172 size-full\" src=\"https:\/\/travellingdevil.de\/wp-content\/uploads\/2014\/05\/163_Genf_Mallorca_2014.jpg\" alt=\"163_Genf_Mallorca_2014\" width=\"1024\" height=\"768\" srcset=\"https:\/\/www.travellingdevil.de\/wp-content\/uploads\/2014\/05\/163_Genf_Mallorca_2014.jpg 1024w, https:\/\/www.travellingdevil.de\/wp-content\/uploads\/2014\/05\/163_Genf_Mallorca_2014-150x113.jpg 150w, https:\/\/www.travellingdevil.de\/wp-content\/uploads\/2014\/05\/163_Genf_Mallorca_2014-533x400.jpg 533w\" sizes=\"auto, (max-width: 1024px) 100vw, 1024px\" \/><\/a><\/p>\n<p><a href=\"http:\/\/travellingdevil.de\/?attachment_id=3173\" rel=\"attachment wp-att-3173\"><img loading=\"lazy\" decoding=\"async\" class=\"alignnone wp-image-3173 size-full\" src=\"https:\/\/travellingdevil.de\/wp-content\/uploads\/2014\/05\/164_Genf_Mallorca_2014.jpg\" alt=\"164_Genf_Mallorca_2014\" width=\"1024\" height=\"768\" srcset=\"https:\/\/www.travellingdevil.de\/wp-content\/uploads\/2014\/05\/164_Genf_Mallorca_2014.jpg 1024w, https:\/\/www.travellingdevil.de\/wp-content\/uploads\/2014\/05\/164_Genf_Mallorca_2014-150x113.jpg 150w, https:\/\/www.travellingdevil.de\/wp-content\/uploads\/2014\/05\/164_Genf_Mallorca_2014-533x400.jpg 533w\" sizes=\"auto, (max-width: 1024px) 100vw, 1024px\" \/><\/a><\/p>\n<p>Nach einem kurzen Gespr\u00e4ch mit den Strandbarinhabern wurde kurzer Hand das Handtuch am hinteren Ende der Bucht ausgebreitet &#8211; einerseits weil eine Liege 13 Euro kosten sollte und andererseits weil die Felsen ein bi\u00dfchen Schutz vor dem permanent wehenden Wind boten.<\/p>\n<p>So machten sich nach einer kurzen Siesta alle wieder auf den R\u00fcckweg.<br \/>\nUnd die Zecke hatte \u00fcberhaupt nichts damit zutun \ud83d\ude09<\/p>\n","protected":false},"excerpt":{"rendered":"<p>Auch wenn wir den Tag eigentlich komplett mit dem wundersch\u00f6nen Blick aufs Meer verbringen k\u00f6nnten &#8230; &#8230; (hier das Beispiel eines in sich versunkenen Chris)&#8230;<\/p>\n<div class=\"more-link-wrapper\"><a class=\"more-link\" href=\"https:\/\/www.travellingdevil.de\/?p=3152\">Weiterlesen<span class=\"screen-reader-text\">Ein Tag an einigen Str\u00e4nden<\/span><\/a><\/div>\n","protected":false},"author":3,"featured_media":3172,"comment_status":"open","ping_status":"open","sticky":false,"template":"","format":"standard","meta":{"iawp_total_views":1,"footnotes":""},"categories":[18],"tags":[179,181],"class_list":["post-3152","post","type-post","status-publish","format-standard","has-post-thumbnail","hentry","category-genfmallorca2014","tag-179","tag-mallorca","entry"],"views":1012,"_links":{"self":[{"href":"https:\/\/www.travellingdevil.de\/index.php?rest_route=\/wp\/v2\/posts\/3152","targetHints":{"allow":["GET"]}}],"collection":[{"href":"https:\/\/www.travellingdevil.de\/index.php?rest_route=\/wp\/v2\/posts"}],"about":[{"href":"https:\/\/www.travellingdevil.de\/index.php?rest_route=\/wp\/v2\/types\/post"}],"author":[{"embeddable":true,"href":"https:\/\/www.travellingdevil.de\/index.php?rest_route=\/wp\/v2\/users\/3"}],"replies":[{"embeddable":true,"href":"https:\/\/www.travellingdevil.de\/index.php?rest_route=%2Fwp%2Fv2%2Fcomments&post=3152"}],"version-history":[{"count":5,"href":"https:\/\/www.travellingdevil.de\/index.php?rest_route=\/wp\/v2\/posts\/3152\/revisions"}],"predecessor-version":[{"id":12687,"href":"https:\/\/www.travellingdevil.de\/index.php?rest_route=\/wp\/v2\/posts\/3152\/revisions\/12687"}],"wp:featuredmedia":[{"embeddable":true,"href":"https:\/\/www.travellingdevil.de\/index.php?rest_route=\/wp\/v2\/media\/3172"}],"wp:attachment":[{"href":"https:\/\/www.travellingdevil.de\/index.php?rest_route=%2Fwp%2Fv2%2Fmedia&parent=3152"}],"wp:term":[{"taxonomy":"category","embeddable":true,"href":"https:\/\/www.travellingdevil.de\/index.php?rest_route=%2Fwp%2Fv2%2Fcategories&post=3152"},{"taxonomy":"post_tag","embeddable":true,"href":"https:\/\/www.travellingdevil.de\/index.php?rest_route=%2Fwp%2Fv2%2Ftags&post=3152"}],"curies":[{"name":"wp","href":"https:\/\/api.w.org\/{rel}","templated":true}]}}