{"id":3263,"date":"2014-05-25T14:53:54","date_gmt":"2014-05-25T13:53:54","guid":{"rendered":"http:\/\/travellingdevil.de\/wordpress\/?p=3263"},"modified":"2020-07-15T13:26:17","modified_gmt":"2020-07-15T12:26:17","slug":"der-letzte-tag-2","status":"publish","type":"post","link":"https:\/\/www.travellingdevil.de\/?p=3263","title":{"rendered":"Der letzte Tag"},"content":{"rendered":"<p>Das letzte Mal schwimmen in unserem geilen Pool &#8230;<\/p>\n<p><a href=\"http:\/\/travellingdevil.de\/?attachment_id=3239\" rel=\"attachment wp-att-3239\"><img loading=\"lazy\" decoding=\"async\" class=\"alignnone wp-image-3239 size-full\" src=\"https:\/\/travellingdevil.de\/wp-content\/uploads\/2014\/05\/233_Genf_Mallorca_2014.jpg\" alt=\"233_Genf_Mallorca_2014\" width=\"1024\" height=\"768\" srcset=\"https:\/\/www.travellingdevil.de\/wp-content\/uploads\/2014\/05\/233_Genf_Mallorca_2014.jpg 1024w, https:\/\/www.travellingdevil.de\/wp-content\/uploads\/2014\/05\/233_Genf_Mallorca_2014-150x113.jpg 150w, https:\/\/www.travellingdevil.de\/wp-content\/uploads\/2014\/05\/233_Genf_Mallorca_2014-533x400.jpg 533w\" sizes=\"auto, (max-width: 1024px) 100vw, 1024px\" \/><\/a><\/p>\n<p><a href=\"http:\/\/travellingdevil.de\/?attachment_id=3240\" rel=\"attachment wp-att-3240\"><img loading=\"lazy\" decoding=\"async\" class=\"alignnone wp-image-3240 size-full\" src=\"https:\/\/travellingdevil.de\/wp-content\/uploads\/2014\/05\/234_Genf_Mallorca_2014.jpg\" alt=\"234_Genf_Mallorca_2014\" width=\"1024\" height=\"768\" srcset=\"https:\/\/www.travellingdevil.de\/wp-content\/uploads\/2014\/05\/234_Genf_Mallorca_2014.jpg 1024w, https:\/\/www.travellingdevil.de\/wp-content\/uploads\/2014\/05\/234_Genf_Mallorca_2014-150x113.jpg 150w, https:\/\/www.travellingdevil.de\/wp-content\/uploads\/2014\/05\/234_Genf_Mallorca_2014-533x400.jpg 533w\" sizes=\"auto, (max-width: 1024px) 100vw, 1024px\" \/><\/a><\/p>\n<p><a href=\"http:\/\/travellingdevil.de\/?attachment_id=3241\" rel=\"attachment wp-att-3241\"><img loading=\"lazy\" decoding=\"async\" class=\"alignnone wp-image-3241 size-full\" src=\"https:\/\/travellingdevil.de\/wp-content\/uploads\/2014\/05\/235_Genf_Mallorca_2014.jpg\" alt=\"235_Genf_Mallorca_2014\" width=\"768\" height=\"1024\" srcset=\"https:\/\/www.travellingdevil.de\/wp-content\/uploads\/2014\/05\/235_Genf_Mallorca_2014.jpg 768w, https:\/\/www.travellingdevil.de\/wp-content\/uploads\/2014\/05\/235_Genf_Mallorca_2014-113x150.jpg 113w, https:\/\/www.travellingdevil.de\/wp-content\/uploads\/2014\/05\/235_Genf_Mallorca_2014-300x400.jpg 300w\" sizes=\"auto, (max-width: 768px) 100vw, 768px\" \/><\/a><\/p>\n<p><a href=\"http:\/\/travellingdevil.de\/?attachment_id=3242\" rel=\"attachment wp-att-3242\"><img loading=\"lazy\" decoding=\"async\" class=\"alignnone wp-image-3242 size-full\" src=\"https:\/\/travellingdevil.de\/wp-content\/uploads\/2014\/05\/236_Genf_Mallorca_2014.jpg\" alt=\"236_Genf_Mallorca_2014\" width=\"1024\" height=\"768\" srcset=\"https:\/\/www.travellingdevil.de\/wp-content\/uploads\/2014\/05\/236_Genf_Mallorca_2014.jpg 1024w, https:\/\/www.travellingdevil.de\/wp-content\/uploads\/2014\/05\/236_Genf_Mallorca_2014-150x113.jpg 150w, https:\/\/www.travellingdevil.de\/wp-content\/uploads\/2014\/05\/236_Genf_Mallorca_2014-533x400.jpg 533w\" sizes=\"auto, (max-width: 1024px) 100vw, 1024px\" \/><\/a><\/p>\n<p>Wir werden ihn vermissen &#8230; *schluchtz* *heul*<\/p>\n<p>Leider hat sich bei Jens, genau an dem Abreisetag nat\u00fcrlich, Schmerzen am R\u00fccken und an der H\u00fcfte eingestellt, weswegen der Tag nicht so gelaufen ist, wie gedacht. Aus der Finca sind wir um 10 Uhr raus, haben dann noch den M\u00fcll weggebracht und sind dann nochmal nach Santanyi gefahren, wo heute Markt ist. Auf demselben haben wir uns dann ein wenig umgeschaut und noch ein paar Dinge gekauft.<\/p>\n<p><a href=\"http:\/\/travellingdevil.de\/?attachment_id=3243\" rel=\"attachment wp-att-3243\"><img loading=\"lazy\" decoding=\"async\" class=\"alignnone wp-image-3243 size-full\" src=\"https:\/\/travellingdevil.de\/wp-content\/uploads\/2014\/05\/237_Genf_Mallorca_2014.jpg\" alt=\"237_Genf_Mallorca_2014\" width=\"768\" height=\"1024\" srcset=\"https:\/\/www.travellingdevil.de\/wp-content\/uploads\/2014\/05\/237_Genf_Mallorca_2014.jpg 768w, https:\/\/www.travellingdevil.de\/wp-content\/uploads\/2014\/05\/237_Genf_Mallorca_2014-113x150.jpg 113w, https:\/\/www.travellingdevil.de\/wp-content\/uploads\/2014\/05\/237_Genf_Mallorca_2014-300x400.jpg 300w\" sizes=\"auto, (max-width: 768px) 100vw, 768px\" \/><\/a><\/p>\n<p><a href=\"http:\/\/travellingdevil.de\/?attachment_id=3244\" rel=\"attachment wp-att-3244\"><img loading=\"lazy\" decoding=\"async\" class=\"alignnone wp-image-3244 size-full\" src=\"https:\/\/travellingdevil.de\/wp-content\/uploads\/2014\/05\/238_Genf_Mallorca_2014.jpg\" alt=\"238_Genf_Mallorca_2014\" width=\"768\" height=\"1024\" srcset=\"https:\/\/www.travellingdevil.de\/wp-content\/uploads\/2014\/05\/238_Genf_Mallorca_2014.jpg 768w, https:\/\/www.travellingdevil.de\/wp-content\/uploads\/2014\/05\/238_Genf_Mallorca_2014-113x150.jpg 113w, https:\/\/www.travellingdevil.de\/wp-content\/uploads\/2014\/05\/238_Genf_Mallorca_2014-300x400.jpg 300w\" sizes=\"auto, (max-width: 768px) 100vw, 768px\" \/><\/a><\/p>\n<p><a href=\"http:\/\/travellingdevil.de\/?attachment_id=3245\" rel=\"attachment wp-att-3245\"><img loading=\"lazy\" decoding=\"async\" class=\"alignnone wp-image-3245 size-full\" src=\"https:\/\/travellingdevil.de\/wp-content\/uploads\/2014\/05\/239_Genf_Mallorca_2014.jpg\" alt=\"239_Genf_Mallorca_2014\" width=\"1024\" height=\"768\" srcset=\"https:\/\/www.travellingdevil.de\/wp-content\/uploads\/2014\/05\/239_Genf_Mallorca_2014.jpg 1024w, https:\/\/www.travellingdevil.de\/wp-content\/uploads\/2014\/05\/239_Genf_Mallorca_2014-150x113.jpg 150w, https:\/\/www.travellingdevil.de\/wp-content\/uploads\/2014\/05\/239_Genf_Mallorca_2014-533x400.jpg 533w\" sizes=\"auto, (max-width: 1024px) 100vw, 1024px\" \/><\/a><\/p>\n<p><a href=\"http:\/\/travellingdevil.de\/?attachment_id=3246\" rel=\"attachment wp-att-3246\"><img loading=\"lazy\" decoding=\"async\" class=\"alignnone wp-image-3246 size-full\" src=\"https:\/\/travellingdevil.de\/wp-content\/uploads\/2014\/05\/240_Genf_Mallorca_2014.jpg\" alt=\"240_Genf_Mallorca_2014\" width=\"768\" height=\"1024\" srcset=\"https:\/\/www.travellingdevil.de\/wp-content\/uploads\/2014\/05\/240_Genf_Mallorca_2014.jpg 768w, https:\/\/www.travellingdevil.de\/wp-content\/uploads\/2014\/05\/240_Genf_Mallorca_2014-113x150.jpg 113w, https:\/\/www.travellingdevil.de\/wp-content\/uploads\/2014\/05\/240_Genf_Mallorca_2014-300x400.jpg 300w\" sizes=\"auto, (max-width: 768px) 100vw, 768px\" \/><\/a><\/p>\n<p><a href=\"http:\/\/travellingdevil.de\/?attachment_id=3247\" rel=\"attachment wp-att-3247\"><img loading=\"lazy\" decoding=\"async\" class=\"alignnone wp-image-3247 size-full\" src=\"https:\/\/travellingdevil.de\/wp-content\/uploads\/2014\/05\/241_Genf_Mallorca_2014.jpg\" alt=\"241_Genf_Mallorca_2014\" width=\"768\" height=\"1024\" srcset=\"https:\/\/www.travellingdevil.de\/wp-content\/uploads\/2014\/05\/241_Genf_Mallorca_2014.jpg 768w, https:\/\/www.travellingdevil.de\/wp-content\/uploads\/2014\/05\/241_Genf_Mallorca_2014-113x150.jpg 113w, https:\/\/www.travellingdevil.de\/wp-content\/uploads\/2014\/05\/241_Genf_Mallorca_2014-300x400.jpg 300w\" sizes=\"auto, (max-width: 768px) 100vw, 768px\" \/><\/a><\/p>\n<p><a href=\"http:\/\/travellingdevil.de\/?attachment_id=3248\" rel=\"attachment wp-att-3248\"><img loading=\"lazy\" decoding=\"async\" class=\"alignnone wp-image-3248 size-full\" src=\"https:\/\/travellingdevil.de\/wp-content\/uploads\/2014\/05\/242_Genf_Mallorca_2014.jpg\" alt=\"242_Genf_Mallorca_2014\" width=\"768\" height=\"1024\" srcset=\"https:\/\/www.travellingdevil.de\/wp-content\/uploads\/2014\/05\/242_Genf_Mallorca_2014.jpg 768w, https:\/\/www.travellingdevil.de\/wp-content\/uploads\/2014\/05\/242_Genf_Mallorca_2014-113x150.jpg 113w, https:\/\/www.travellingdevil.de\/wp-content\/uploads\/2014\/05\/242_Genf_Mallorca_2014-300x400.jpg 300w\" sizes=\"auto, (max-width: 768px) 100vw, 768px\" \/><\/a><\/p>\n<p><a href=\"http:\/\/travellingdevil.de\/?attachment_id=3249\" rel=\"attachment wp-att-3249\"><img loading=\"lazy\" decoding=\"async\" class=\"alignnone wp-image-3249 size-full\" src=\"https:\/\/travellingdevil.de\/wp-content\/uploads\/2014\/05\/243_Genf_Mallorca_2014.jpg\" alt=\"243_Genf_Mallorca_2014\" width=\"768\" height=\"1024\" srcset=\"https:\/\/www.travellingdevil.de\/wp-content\/uploads\/2014\/05\/243_Genf_Mallorca_2014.jpg 768w, https:\/\/www.travellingdevil.de\/wp-content\/uploads\/2014\/05\/243_Genf_Mallorca_2014-113x150.jpg 113w, https:\/\/www.travellingdevil.de\/wp-content\/uploads\/2014\/05\/243_Genf_Mallorca_2014-300x400.jpg 300w\" sizes=\"auto, (max-width: 768px) 100vw, 768px\" \/><\/a><\/p>\n<p>Auf dem Markt in einer Seitengasse haben wir ein nettes Cafe gesehen und dort ein leckeres sp\u00e4tes Fr\u00fchst\u00fcck (oder ein fr\u00fches Mittagessen, je nachdem) eingenommen. Interessant war, dass das Personal und der Inhaber allesamt Deutsche waren.<\/p>\n<p>Einziger Kritikpunkt war, dass Birtes und Meikes Orangensaft tats\u00e4chlich mit einigen Maden verunreinigt war. Kann zwar passieren, sollte aber nicht. Als Entsch\u00e4digung haben wir eine Erdbeer-Ingwer-Bowle bekommen, aber lecker ist anders. Der Rest des Fr\u00fchst\u00fccks war aber ok.<\/p>\n<p>Gegen 14 Uhr fuhren wir dann zum Flughafen, um dort zu schauen, ob wir eventuell unser Gep\u00e4ck loswerden k\u00f6nnen und (wenn dem so ist) noch nach Palma zu fahren. Dies war auch bei Air Berlin f\u00fcr Birte, Holger und Christoph m\u00f6glich, f\u00fcr Germanwings allerdings nicht &#8211; Meike und Jens sa\u00dfen also mit zwei Koffern auf dem ehrlich gesagt nicht allzu einladenden Flughafen von Palma.<\/p>\n<p>Da sich der R\u00fccke und die H\u00fcfte von Jens allerdings langsam zu einem echten Problem entwickelt haben, haben wir spontan am Flughafen umgebucht und haben eine fr\u00fchere Maschine nach K\u00f6ln genommen. Von den anderen (die dann noch nach Palma gefahren sind) haben wir uns verabschiedet, sind in die volle Germanwings-Maschine eingestiegen und waren so schon gegen 19 Uhr in K\u00f6ln zu Hause. Leider hatte das Personal in Palma am Flughafen einiges verkehrt gemacht, aber das werden wir mit Germanwings seperat kl\u00e4ren.<\/p>\n","protected":false},"excerpt":{"rendered":"<p>Das letzte Mal schwimmen in unserem geilen Pool &#8230; Wir werden ihn vermissen &#8230; *schluchtz* *heul* Leider hat sich bei Jens, genau an dem Abreisetag&#8230;<\/p>\n<div class=\"more-link-wrapper\"><a class=\"more-link\" href=\"https:\/\/www.travellingdevil.de\/?p=3263\">Weiterlesen<span class=\"screen-reader-text\">Der letzte Tag<\/span><\/a><\/div>\n","protected":false},"author":3,"featured_media":3251,"comment_status":"open","ping_status":"open","sticky":false,"template":"","format":"standard","meta":{"iawp_total_views":1,"footnotes":""},"categories":[18],"tags":[179,57,180,181],"class_list":["post-3263","post","type-post","status-publish","format-standard","has-post-thumbnail","hentry","category-genfmallorca2014","tag-179","tag-flug","tag-germanwings","tag-mallorca","entry"],"views":1577,"_links":{"self":[{"href":"https:\/\/www.travellingdevil.de\/index.php?rest_route=\/wp\/v2\/posts\/3263","targetHints":{"allow":["GET"]}}],"collection":[{"href":"https:\/\/www.travellingdevil.de\/index.php?rest_route=\/wp\/v2\/posts"}],"about":[{"href":"https:\/\/www.travellingdevil.de\/index.php?rest_route=\/wp\/v2\/types\/post"}],"author":[{"embeddable":true,"href":"https:\/\/www.travellingdevil.de\/index.php?rest_route=\/wp\/v2\/users\/3"}],"replies":[{"embeddable":true,"href":"https:\/\/www.travellingdevil.de\/index.php?rest_route=%2Fwp%2Fv2%2Fcomments&post=3263"}],"version-history":[{"count":4,"href":"https:\/\/www.travellingdevil.de\/index.php?rest_route=\/wp\/v2\/posts\/3263\/revisions"}],"predecessor-version":[{"id":12671,"href":"https:\/\/www.travellingdevil.de\/index.php?rest_route=\/wp\/v2\/posts\/3263\/revisions\/12671"}],"wp:featuredmedia":[{"embeddable":true,"href":"https:\/\/www.travellingdevil.de\/index.php?rest_route=\/wp\/v2\/media\/3251"}],"wp:attachment":[{"href":"https:\/\/www.travellingdevil.de\/index.php?rest_route=%2Fwp%2Fv2%2Fmedia&parent=3263"}],"wp:term":[{"taxonomy":"category","embeddable":true,"href":"https:\/\/www.travellingdevil.de\/index.php?rest_route=%2Fwp%2Fv2%2Fcategories&post=3263"},{"taxonomy":"post_tag","embeddable":true,"href":"https:\/\/www.travellingdevil.de\/index.php?rest_route=%2Fwp%2Fv2%2Ftags&post=3263"}],"curies":[{"name":"wp","href":"https:\/\/api.w.org\/{rel}","templated":true}]}}