{"id":418,"date":"2011-09-12T19:01:15","date_gmt":"2011-09-12T17:01:15","guid":{"rendered":"http:\/\/travellingdevil.de\/wordpress\/?p=418"},"modified":"2021-08-24T08:53:42","modified_gmt":"2021-08-24T06:53:42","slug":"418","status":"publish","type":"post","link":"https:\/\/www.travellingdevil.de\/?p=418","title":{"rendered":"Letzte Blicke auf Paris und die Heimfahrt"},"content":{"rendered":"<p>Letzter Tag in Paris. Heute sind wir wieder etwas fr\u00fcher aufgestanden. Um 9 Uhr haben wir uns vor dem Hotel getroffen, um auszuchecken, die Koffer im Hotel verstauen zu lassen und uns auf den Weg zum <a href=\"http:\/\/de.wikipedia.org\/wiki\/Eiffelturm\" target=\"_blank\" rel=\"noopener noreferrer\">Eiffelturm<\/a> zu machen. Hat auch alles soweit ganz gut geklappt, gegen 9:40 Uhr waren wir beim Eiffelturm. Die Schlange an der Karten-Kasse war zwar schon da, aber lange nicht so &#8230; nun &#8230; lang wie die Tage zuvor. Nach 15-20 Minuten haben wir dann ein Ticket in der Hand gehalten und haben uns beim Lift angestellt. Mit diesem ging es dann hoch, zuerst auf die Ebene 2 (auf 115 Metern) &#8230;<\/p>\n<p><a href=\"https:\/\/www.travellingdevil.de\/?attachment_id=419\" rel=\"attachment wp-att-419\"><img loading=\"lazy\" decoding=\"async\" class=\"alignnone\" src=\"https:\/\/travellingdevil.de\/wp-content\/uploads\/2011\/09\/Paris6_1.jpg\" alt=\"Paris - Blick vom Eiffelturm (Innenstadt Richtung Porte d\u00b4Orleans)\" width=\"1024\" height=\"768\" \/><\/a><\/p>\n<p>&#8230; und dann weiter auf die oberste Plattform in 276 Metern. Und der Ausblick \u00fcber die Stadt der Lichter war schon sch\u00f6n.<\/p>\n<p><a href=\"https:\/\/www.travellingdevil.de\/?attachment_id=420\" rel=\"attachment wp-att-420\"><img loading=\"lazy\" decoding=\"async\" class=\"alignnone\" src=\"https:\/\/travellingdevil.de\/wp-content\/uploads\/2011\/09\/Paris6_2.jpg\" alt=\"Paris - Blick vom Eiffelturm (Champ de Mars, \u00c9cole Militaire)\" width=\"768\" height=\"1024\" \/><\/a><\/p>\n<p><a href=\"http:\/\/travellingdevil.de\/wp-content\/uploads\/2011\/09\/Paris6_3.jpg\"><img loading=\"lazy\" decoding=\"async\" class=\"alignnone\" title=\"Paris - Blick vom Eiffelturm (Trocad\u00e9ro)\" src=\"https:\/\/travellingdevil.de\/wp-content\/uploads\/2011\/09\/Paris6_3.jpg\" alt=\"Paris - Blick vom Eiffelturm (Trocad\u00e9ro)\" width=\"768\" height=\"1024\" \/><\/a><\/p>\n<p>Danach sind wir zum Invalidendom gegangen. Dort liegt unter anderem der kleine Napoleon Bonaparte begraben.<\/p>\n<p><a href=\"http:\/\/travellingdevil.de\/wp-content\/uploads\/2011\/09\/Paris6_4.jpg\"><img loading=\"lazy\" decoding=\"async\" class=\"alignnone\" title=\"Paris - Invalidendom\" src=\"https:\/\/travellingdevil.de\/wp-content\/uploads\/2011\/09\/Paris6_4.jpg\" alt=\"Paris - Invalidendom\" width=\"768\" height=\"1024\" \/><\/a><\/p>\n<p><a href=\"http:\/\/travellingdevil.de\/wp-content\/uploads\/2011\/09\/Paris6_5.jpg\"><img loading=\"lazy\" decoding=\"async\" class=\"alignnone\" title=\"Paris - Invalidendom (Grabmal Napol\u00e9ons)\" src=\"https:\/\/travellingdevil.de\/wp-content\/uploads\/2011\/09\/Paris6_5.jpg\" alt=\"Paris - Invalidendom (Grabmal Napol\u00e9ons)\" width=\"768\" height=\"1024\" \/><\/a><\/p>\n<p>Dar\u00fcber hinaus haben wir dort einige Ausstellungen \u00fcber alte Uniformen, R\u00fcstungen, Waffen und andere milit\u00e4rische Dinge angeschaut. Auch eine gro\u00dfe Ausstellung \u00fcber das Leben und die Feldz\u00fcge von Napoleon I. war dabei, genau wie die Historie der franz\u00f6sischen Armee. Interessant, aber speziell f\u00fcr mich zu umfangreich f\u00fcr diesen Tag. Das Wetter (27 Grad, hohe Luftfeuchtigkeit) tat dann sein \u00fcbriges dazu. &#8222;Napi&#8220; sah am Ende seiner Feldz\u00fcge (kurz vor der Verbannung) \u00fcbrigens nicht so gl\u00fccklich aus &#8230; wen wundert es. \ud83d\ude09<\/p>\n<p><a href=\"http:\/\/travellingdevil.de\/wp-content\/uploads\/2011\/09\/Paris6_6.jpg\"><img loading=\"lazy\" decoding=\"async\" class=\"alignnone\" title=\"Paris - Gem\u00e4lde Napol\u00e9ons im Museum im Invalidendom\" src=\"https:\/\/travellingdevil.de\/wp-content\/uploads\/2011\/09\/Paris6_6.jpg\" alt=\"Paris - Gem\u00e4lde Napol\u00e9ons im Museum im Invalidendom\" width=\"1024\" height=\"768\" \/><\/a><\/p>\n<p>Anyway &#8211; danach sind Meike und ich nochmal kurz mit dem Bus gefahren, da ich noch bei einem Laden, der bekannt f\u00fcr seine Schokolade ist, vorbeifahren wollten. Haben wir auch gemacht (lecker!).<\/p>\n<p>Danach zum Hotel, Gep\u00e4ck abholen, zum Gare du Nord und dann auf den Thalys gewartet. Sitzpl\u00e4tze sind \u00fcbrigens selten an diesem Bahnhof, da musste der Eisladen herhalten &#8230; im Zug wurde es dann auch nicht besser: Die Klimaanlage nervt und wir haben aktuell (sind gerade aus Br\u00fcssel abgefahren) 30 Minuten Versp\u00e4tung. Grummel &#8230;<\/p>\n<p>Fazit daher erst, wenn ich bessere Laune habe. \ud83d\ude09<\/p>\n","protected":false},"excerpt":{"rendered":"<p>Letzter Tag in Paris. Heute sind wir wieder etwas fr\u00fcher aufgestanden. Um 9 Uhr haben wir uns vor dem Hotel getroffen, um auszuchecken, die Koffer&#8230;<\/p>\n<div class=\"more-link-wrapper\"><a class=\"more-link\" href=\"https:\/\/www.travellingdevil.de\/?p=418\">Weiterlesen<span class=\"screen-reader-text\">Letzte Blicke auf Paris und die Heimfahrt<\/span><\/a><\/div>\n","protected":false},"author":3,"featured_media":419,"comment_status":"open","ping_status":"open","sticky":false,"template":"","format":"standard","meta":{"iawp_total_views":4,"footnotes":""},"categories":[11],"tags":[226,228,227],"class_list":["post-418","post","type-post","status-publish","format-standard","has-post-thumbnail","hentry","category-paris2011","tag-226","tag-frankreich","tag-paris","entry"],"views":3043,"_links":{"self":[{"href":"https:\/\/www.travellingdevil.de\/index.php?rest_route=\/wp\/v2\/posts\/418","targetHints":{"allow":["GET"]}}],"collection":[{"href":"https:\/\/www.travellingdevil.de\/index.php?rest_route=\/wp\/v2\/posts"}],"about":[{"href":"https:\/\/www.travellingdevil.de\/index.php?rest_route=\/wp\/v2\/types\/post"}],"author":[{"embeddable":true,"href":"https:\/\/www.travellingdevil.de\/index.php?rest_route=\/wp\/v2\/users\/3"}],"replies":[{"embeddable":true,"href":"https:\/\/www.travellingdevil.de\/index.php?rest_route=%2Fwp%2Fv2%2Fcomments&post=418"}],"version-history":[{"count":12,"href":"https:\/\/www.travellingdevil.de\/index.php?rest_route=\/wp\/v2\/posts\/418\/revisions"}],"predecessor-version":[{"id":13502,"href":"https:\/\/www.travellingdevil.de\/index.php?rest_route=\/wp\/v2\/posts\/418\/revisions\/13502"}],"wp:featuredmedia":[{"embeddable":true,"href":"https:\/\/www.travellingdevil.de\/index.php?rest_route=\/wp\/v2\/media\/419"}],"wp:attachment":[{"href":"https:\/\/www.travellingdevil.de\/index.php?rest_route=%2Fwp%2Fv2%2Fmedia&parent=418"}],"wp:term":[{"taxonomy":"category","embeddable":true,"href":"https:\/\/www.travellingdevil.de\/index.php?rest_route=%2Fwp%2Fv2%2Fcategories&post=418"},{"taxonomy":"post_tag","embeddable":true,"href":"https:\/\/www.travellingdevil.de\/index.php?rest_route=%2Fwp%2Fv2%2Ftags&post=418"}],"curies":[{"name":"wp","href":"https:\/\/api.w.org\/{rel}","templated":true}]}}