{"id":6494,"date":"2017-04-10T21:17:34","date_gmt":"2017-04-10T20:17:34","guid":{"rendered":"http:\/\/www.travellingdevil.de\/?p=6494"},"modified":"2020-07-12T19:23:05","modified_gmt":"2020-07-12T18:23:05","slug":"tap-o-noth","status":"publish","type":"post","link":"https:\/\/www.travellingdevil.de\/?p=6494","title":{"rendered":"Tap o&#8216; Noth"},"content":{"rendered":"<p>Heute stand zuerst einmal eine R\u00fcckkehr zum Flughafen auf dem Programm. Entlang der Strecke, die wir wieder mit dem 727 Bus gefahren sind, konnte man gut sehen, wieviel hier gerade aufgrund des \u00d6lbooms investiert wird. \u00dcberall riesige Baustellen &#8211; das Gebiet rund um den Flughafen ist v\u00f6llig neu gebaut inkl. einem gro\u00dfen Parkplatz, etc.<\/p>\n<p><a href=\"https:\/\/www.travellingdevil.de\/?attachment_id=6496\" rel=\"attachment wp-att-6496\"><img loading=\"lazy\" decoding=\"async\" class=\"alignnone wp-image-6496 size-full\" src=\"https:\/\/travellingdevil.de\/wp-content\/uploads\/2017\/04\/038_2017Aberdeen.jpg\" alt=\"\" width=\"1024\" height=\"768\" srcset=\"https:\/\/www.travellingdevil.de\/wp-content\/uploads\/2017\/04\/038_2017Aberdeen.jpg 1024w, https:\/\/www.travellingdevil.de\/wp-content\/uploads\/2017\/04\/038_2017Aberdeen-150x113.jpg 150w, https:\/\/www.travellingdevil.de\/wp-content\/uploads\/2017\/04\/038_2017Aberdeen-533x400.jpg 533w, https:\/\/www.travellingdevil.de\/wp-content\/uploads\/2017\/04\/038_2017Aberdeen-768x576.jpg 768w\" sizes=\"auto, (max-width: 1024px) 100vw, 1024px\" \/><\/a><\/p>\n<p>Warum wir zum Flughafen zur\u00fcckfahren? Weil wir die Ankunft eines kleinen, hellblauen Flugzeugs erwarten, welches Markus enthalten soll.<\/p>\n<p><a href=\"https:\/\/www.travellingdevil.de\/?attachment_id=6497\" rel=\"attachment wp-att-6497\"><img loading=\"lazy\" decoding=\"async\" class=\"alignnone wp-image-6497 size-full\" src=\"https:\/\/travellingdevil.de\/wp-content\/uploads\/2017\/04\/039_2017Aberdeen.jpg\" alt=\"\" width=\"1024\" height=\"768\" srcset=\"https:\/\/www.travellingdevil.de\/wp-content\/uploads\/2017\/04\/039_2017Aberdeen.jpg 1024w, https:\/\/www.travellingdevil.de\/wp-content\/uploads\/2017\/04\/039_2017Aberdeen-150x113.jpg 150w, https:\/\/www.travellingdevil.de\/wp-content\/uploads\/2017\/04\/039_2017Aberdeen-533x400.jpg 533w, https:\/\/www.travellingdevil.de\/wp-content\/uploads\/2017\/04\/039_2017Aberdeen-768x576.jpg 768w\" sizes=\"auto, (max-width: 1024px) 100vw, 1024px\" \/><\/a><\/p>\n<p>Im Bild links neben dem Pfosten zu sehen &#8230; Markus hat nicht gewunken! \ud83d\ude09<\/p>\n<p><a href=\"https:\/\/www.travellingdevil.de\/?attachment_id=6498\" rel=\"attachment wp-att-6498\"><img loading=\"lazy\" decoding=\"async\" class=\"alignnone wp-image-6498 size-full\" src=\"https:\/\/travellingdevil.de\/wp-content\/uploads\/2017\/04\/040_2017Aberdeen.jpg\" alt=\"\" width=\"768\" height=\"1024\" srcset=\"https:\/\/www.travellingdevil.de\/wp-content\/uploads\/2017\/04\/040_2017Aberdeen.jpg 768w, https:\/\/www.travellingdevil.de\/wp-content\/uploads\/2017\/04\/040_2017Aberdeen-113x150.jpg 113w, https:\/\/www.travellingdevil.de\/wp-content\/uploads\/2017\/04\/040_2017Aberdeen-300x400.jpg 300w\" sizes=\"auto, (max-width: 768px) 100vw, 768px\" \/><\/a><\/p>\n<p>Nach einer kurzer Wartezeit kam er dann auch direkt und etwas m\u00fcde aus dem Zollbereich. Aber zu langem Ausruhen war keine Zeit, denn es ging gleich weiter zu der Autovermietung, wo wir \u00fcber den deutschen ADAC einen Wagen vorgeserviert haben. Eigentlich war ein Ford Focus gebucht.,Wir waren daher etwas \u00fcberrascht, als wir einen SUV von Mitsubishi vorgefunden haben. Aber etwas mehr Platz war, gerade f\u00fcr unsere \u00f6sterreichischen Mitreisenden, die gr\u00f6\u00dfentechnisch etwas \u00fcber dem Durchschnitt liegen, gerne gesehen.<\/p>\n<p><a href=\"https:\/\/www.travellingdevil.de\/?attachment_id=6500\" rel=\"attachment wp-att-6500\"><img loading=\"lazy\" decoding=\"async\" class=\"alignnone wp-image-6500 size-full\" src=\"https:\/\/travellingdevil.de\/wp-content\/uploads\/2017\/04\/042_2017Aberdeen.jpg\" alt=\"\" width=\"768\" height=\"1024\" srcset=\"https:\/\/www.travellingdevil.de\/wp-content\/uploads\/2017\/04\/042_2017Aberdeen.jpg 768w, https:\/\/www.travellingdevil.de\/wp-content\/uploads\/2017\/04\/042_2017Aberdeen-113x150.jpg 113w, https:\/\/www.travellingdevil.de\/wp-content\/uploads\/2017\/04\/042_2017Aberdeen-300x400.jpg 300w\" sizes=\"auto, (max-width: 768px) 100vw, 768px\" \/><\/a><\/p>\n<p>Das Foto entstand auf dem Parkplatz in der N\u00e4he von Rhynie. Diesen Ort muss man sich merken, gerade den kleinen Kiosk. Ich sage nur: Ein Zentrum der Wirtschaft, dieses Rhynie &#8230; \ud83d\ude09<\/p>\n<p>Im Ernst. Die Gegend hier ist ziemlich weit ab vom Schuss, aber hier gibt es den Cloch Maluid, einen kleinen, 536 Meter hohen H\u00fcgel in Aberdeenshire. Den wollten wir erwandern und den Ausblick geniessen.<\/p>\n<p><a href=\"https:\/\/www.travellingdevil.de\/?attachment_id=6501\" rel=\"attachment wp-att-6501\"><img loading=\"lazy\" decoding=\"async\" class=\"alignnone wp-image-6501 size-full\" src=\"https:\/\/travellingdevil.de\/wp-content\/uploads\/2017\/04\/043_2017Aberdeen.jpg\" alt=\"\" width=\"768\" height=\"1024\" srcset=\"https:\/\/www.travellingdevil.de\/wp-content\/uploads\/2017\/04\/043_2017Aberdeen.jpg 768w, https:\/\/www.travellingdevil.de\/wp-content\/uploads\/2017\/04\/043_2017Aberdeen-113x150.jpg 113w, https:\/\/www.travellingdevil.de\/wp-content\/uploads\/2017\/04\/043_2017Aberdeen-300x400.jpg 300w\" sizes=\"auto, (max-width: 768px) 100vw, 768px\" \/><\/a><\/p>\n<p>Die lokale Fauna war ob unserem Erscheinen schon \u00fcberrascht. Aber anscheinend wurden wir als ungef\u00e4hrlich eingestuft, selbst f\u00fcr so wohlschmeckende Tiere wie diesen Fasan.<\/p>\n<p><a href=\"https:\/\/www.travellingdevil.de\/?attachment_id=6499\" rel=\"attachment wp-att-6499\"><img loading=\"lazy\" decoding=\"async\" class=\"alignnone wp-image-6499 size-full\" src=\"https:\/\/travellingdevil.de\/wp-content\/uploads\/2017\/04\/041_2017Aberdeen.jpg\" alt=\"\" width=\"1024\" height=\"768\" srcset=\"https:\/\/www.travellingdevil.de\/wp-content\/uploads\/2017\/04\/041_2017Aberdeen.jpg 1024w, https:\/\/www.travellingdevil.de\/wp-content\/uploads\/2017\/04\/041_2017Aberdeen-150x113.jpg 150w, https:\/\/www.travellingdevil.de\/wp-content\/uploads\/2017\/04\/041_2017Aberdeen-533x400.jpg 533w, https:\/\/www.travellingdevil.de\/wp-content\/uploads\/2017\/04\/041_2017Aberdeen-768x576.jpg 768w\" sizes=\"auto, (max-width: 1024px) 100vw, 1024px\" \/><\/a><\/p>\n<p>Den Weg selber konnten wir um ein Haar nicht begehen, denn ein umgest\u00fcrzter Baum lag im Weg.<\/p>\n<p><a href=\"https:\/\/www.travellingdevil.de\/?attachment_id=6502\" rel=\"attachment wp-att-6502\"><img loading=\"lazy\" decoding=\"async\" class=\"alignnone wp-image-6502 size-full\" src=\"https:\/\/travellingdevil.de\/wp-content\/uploads\/2017\/04\/044_2017Aberdeen.jpg\" alt=\"\" width=\"1024\" height=\"768\" srcset=\"https:\/\/www.travellingdevil.de\/wp-content\/uploads\/2017\/04\/044_2017Aberdeen.jpg 1024w, https:\/\/www.travellingdevil.de\/wp-content\/uploads\/2017\/04\/044_2017Aberdeen-150x113.jpg 150w, https:\/\/www.travellingdevil.de\/wp-content\/uploads\/2017\/04\/044_2017Aberdeen-533x400.jpg 533w, https:\/\/www.travellingdevil.de\/wp-content\/uploads\/2017\/04\/044_2017Aberdeen-768x576.jpg 768w\" sizes=\"auto, (max-width: 1024px) 100vw, 1024px\" \/><\/a><\/p>\n<p>Dank klettertechnischer Hilfen der beiden \u00f6sterreichischen Mitreisenden konnten wir aber dieses Hindernis \u00fcberwinden. Wir als Schottland-Experten konnten uns bei der Benutzung der vielfach vorkommenden &#8222;Gates&#8220; revanchieren &#8230;<\/p>\n<p><a href=\"https:\/\/www.travellingdevil.de\/?attachment_id=6503\" rel=\"attachment wp-att-6503\"><img loading=\"lazy\" decoding=\"async\" class=\"alignnone wp-image-6503 size-full\" src=\"https:\/\/travellingdevil.de\/wp-content\/uploads\/2017\/04\/045_2017Aberdeen.jpg\" alt=\"\" width=\"1024\" height=\"768\" srcset=\"https:\/\/www.travellingdevil.de\/wp-content\/uploads\/2017\/04\/045_2017Aberdeen.jpg 1024w, https:\/\/www.travellingdevil.de\/wp-content\/uploads\/2017\/04\/045_2017Aberdeen-150x113.jpg 150w, https:\/\/www.travellingdevil.de\/wp-content\/uploads\/2017\/04\/045_2017Aberdeen-533x400.jpg 533w, https:\/\/www.travellingdevil.de\/wp-content\/uploads\/2017\/04\/045_2017Aberdeen-768x576.jpg 768w\" sizes=\"auto, (max-width: 1024px) 100vw, 1024px\" \/><\/a><\/p>\n<p>Den H\u00fcgel selber konnte man dann schon erkennen und der Weg f\u00fchrte in einem kleinen Bogen dort hinauf. Sah schon ganz ansehnlich aus, der H\u00fcgel.<\/p>\n<p><a href=\"https:\/\/www.travellingdevil.de\/?attachment_id=6504\" rel=\"attachment wp-att-6504\"><img loading=\"lazy\" decoding=\"async\" class=\"alignnone wp-image-6504 size-full\" src=\"https:\/\/travellingdevil.de\/wp-content\/uploads\/2017\/04\/046_2017Aberdeen.jpg\" alt=\"\" width=\"768\" height=\"1024\" srcset=\"https:\/\/www.travellingdevil.de\/wp-content\/uploads\/2017\/04\/046_2017Aberdeen.jpg 768w, https:\/\/www.travellingdevil.de\/wp-content\/uploads\/2017\/04\/046_2017Aberdeen-113x150.jpg 113w, https:\/\/www.travellingdevil.de\/wp-content\/uploads\/2017\/04\/046_2017Aberdeen-300x400.jpg 300w\" sizes=\"auto, (max-width: 768px) 100vw, 768px\" \/><\/a><\/p>\n<p>Nach so etwa 45 bis 60 Minuten kamen wir auch schon oben an und konnten die \u00dcberreste des dort einmal vorhandenen Fort bestaunen. Im Grunde war aber bis auf den Umriss nichts mehr zu sehen.<\/p>\n<p>Daf\u00fcr war der Ausblick schon sehr sch\u00f6n, wovon wir uns alle \u00fcberzeugen konnten.<\/p>\n<p><a href=\"https:\/\/www.travellingdevil.de\/?attachment_id=6505\" rel=\"attachment wp-att-6505\"><img loading=\"lazy\" decoding=\"async\" class=\"alignnone wp-image-6505 size-full\" src=\"https:\/\/travellingdevil.de\/wp-content\/uploads\/2017\/04\/047_2017Aberdeen.jpg\" alt=\"\" width=\"1024\" height=\"768\" srcset=\"https:\/\/www.travellingdevil.de\/wp-content\/uploads\/2017\/04\/047_2017Aberdeen.jpg 1024w, https:\/\/www.travellingdevil.de\/wp-content\/uploads\/2017\/04\/047_2017Aberdeen-150x113.jpg 150w, https:\/\/www.travellingdevil.de\/wp-content\/uploads\/2017\/04\/047_2017Aberdeen-533x400.jpg 533w, https:\/\/www.travellingdevil.de\/wp-content\/uploads\/2017\/04\/047_2017Aberdeen-768x576.jpg 768w\" sizes=\"auto, (max-width: 1024px) 100vw, 1024px\" \/><\/a><\/p>\n<p><a href=\"https:\/\/www.travellingdevil.de\/?attachment_id=6506\" rel=\"attachment wp-att-6506\"><img loading=\"lazy\" decoding=\"async\" class=\"alignnone wp-image-6506 size-full\" src=\"https:\/\/travellingdevil.de\/wp-content\/uploads\/2017\/04\/048_2017Aberdeen.jpg\" alt=\"\" width=\"768\" height=\"1024\" srcset=\"https:\/\/www.travellingdevil.de\/wp-content\/uploads\/2017\/04\/048_2017Aberdeen.jpg 768w, https:\/\/www.travellingdevil.de\/wp-content\/uploads\/2017\/04\/048_2017Aberdeen-113x150.jpg 113w, https:\/\/www.travellingdevil.de\/wp-content\/uploads\/2017\/04\/048_2017Aberdeen-300x400.jpg 300w\" sizes=\"auto, (max-width: 768px) 100vw, 768px\" \/><\/a><\/p>\n<p>Wir haben dann eine kleine Kreativpause eingelegt und uns mit dem in Rhynie gekauften Sandwiches verpflegt. Die relativ ruhige und in der Sonne wirklich angenehme Rast wurde dann von einem Flugzeug der RAF unterbrochen was tats\u00e4chlich UNTERHALB des H\u00fcgels, auf dem wir uns befanden vorbeigeflogen ist. Leider zu schnell f\u00fcr unsere Kameras, aber schon beeindruckend.<\/p>\n<p><a href=\"https:\/\/www.travellingdevil.de\/?attachment_id=6507\" rel=\"attachment wp-att-6507\"><img loading=\"lazy\" decoding=\"async\" class=\"alignnone wp-image-6507 size-large\" src=\"https:\/\/travellingdevil.de\/wp-content\/uploads\/2017\/04\/049_2017Aberdeen-1024x151.jpg\" alt=\"\" width=\"1024\" height=\"151\" srcset=\"https:\/\/www.travellingdevil.de\/wp-content\/uploads\/2017\/04\/049_2017Aberdeen-1024x151.jpg 1024w, https:\/\/www.travellingdevil.de\/wp-content\/uploads\/2017\/04\/049_2017Aberdeen-150x22.jpg 150w, https:\/\/www.travellingdevil.de\/wp-content\/uploads\/2017\/04\/049_2017Aberdeen-600x88.jpg 600w, https:\/\/www.travellingdevil.de\/wp-content\/uploads\/2017\/04\/049_2017Aberdeen-768x113.jpg 768w\" sizes=\"auto, (max-width: 1024px) 100vw, 1024px\" \/><\/a><\/p>\n<p>(Zweimal auf das Bild klicken, um das Panorama zu vergro\u00dfern)<\/p>\n<p>Nach der Rast haben wir noch ein wenig wie kleine Kinder den H\u00fcgel erkundet. W\u00e4hrend sich die Klettermaxe der Gruppe an den paar kleinen Felsen ge\u00fcbt haben &#8230;<\/p>\n<p><a href=\"https:\/\/www.travellingdevil.de\/?attachment_id=6509\" rel=\"attachment wp-att-6509\"><img loading=\"lazy\" decoding=\"async\" class=\"alignnone wp-image-6509 size-full\" src=\"https:\/\/travellingdevil.de\/wp-content\/uploads\/2017\/04\/051_2017Aberdeen.jpg\" alt=\"\" width=\"1024\" height=\"768\" srcset=\"https:\/\/www.travellingdevil.de\/wp-content\/uploads\/2017\/04\/051_2017Aberdeen.jpg 1024w, https:\/\/www.travellingdevil.de\/wp-content\/uploads\/2017\/04\/051_2017Aberdeen-150x113.jpg 150w, https:\/\/www.travellingdevil.de\/wp-content\/uploads\/2017\/04\/051_2017Aberdeen-533x400.jpg 533w, https:\/\/www.travellingdevil.de\/wp-content\/uploads\/2017\/04\/051_2017Aberdeen-768x576.jpg 768w\" sizes=\"auto, (max-width: 1024px) 100vw, 1024px\" \/><\/a><\/p>\n<p>&#8230; staunten Meike und ich eher \u00fcber die Weite und die Landschaft.<\/p>\n<p><a href=\"https:\/\/www.travellingdevil.de\/?attachment_id=6510\" rel=\"attachment wp-att-6510\"><img loading=\"lazy\" decoding=\"async\" class=\"alignnone wp-image-6510 size-full\" src=\"https:\/\/travellingdevil.de\/wp-content\/uploads\/2017\/04\/052_2017Aberdeen.jpg\" alt=\"\" width=\"768\" height=\"1024\" srcset=\"https:\/\/www.travellingdevil.de\/wp-content\/uploads\/2017\/04\/052_2017Aberdeen.jpg 768w, https:\/\/www.travellingdevil.de\/wp-content\/uploads\/2017\/04\/052_2017Aberdeen-113x150.jpg 113w, https:\/\/www.travellingdevil.de\/wp-content\/uploads\/2017\/04\/052_2017Aberdeen-300x400.jpg 300w\" sizes=\"auto, (max-width: 768px) 100vw, 768px\" \/><\/a><\/p>\n<p><a href=\"https:\/\/www.travellingdevil.de\/?attachment_id=6508\" rel=\"attachment wp-att-6508\"><img loading=\"lazy\" decoding=\"async\" class=\"alignnone wp-image-6508 size-full\" src=\"https:\/\/travellingdevil.de\/wp-content\/uploads\/2017\/04\/050_2017Aberdeen.jpg\" alt=\"\" width=\"1024\" height=\"768\" srcset=\"https:\/\/www.travellingdevil.de\/wp-content\/uploads\/2017\/04\/050_2017Aberdeen.jpg 1024w, https:\/\/www.travellingdevil.de\/wp-content\/uploads\/2017\/04\/050_2017Aberdeen-150x113.jpg 150w, https:\/\/www.travellingdevil.de\/wp-content\/uploads\/2017\/04\/050_2017Aberdeen-533x400.jpg 533w, https:\/\/www.travellingdevil.de\/wp-content\/uploads\/2017\/04\/050_2017Aberdeen-768x576.jpg 768w\" sizes=\"auto, (max-width: 1024px) 100vw, 1024px\" \/><\/a><\/p>\n<p>Den Weg hinab kamen uns jetzt schon einige Leute entgegen, so unter anderem ein Kindergarten &#8211; was f\u00fcr eine sch\u00f6ne Sache, wenn man als Kind so eine Gegend zum Erkunden hat.<\/p>\n<p>Ansonsten haben wir uns auf dem Weg nett unterhalten und so ging die Zeit sch\u00f6n und schnell vorbei. Walter und Jens wollten hier eigentlich noch den n\u00e4chsten Weihnachtsbaum mitnehmen (der sah echt sch\u00f6n aus) &#8211; der h\u00e4tte aber halt nicht mehr ins Handgep\u00e4ck gepasst.<\/p>\n<p><a href=\"https:\/\/www.travellingdevil.de\/?attachment_id=6511\" rel=\"attachment wp-att-6511\"><img loading=\"lazy\" decoding=\"async\" class=\"alignnone wp-image-6511 size-full\" src=\"https:\/\/travellingdevil.de\/wp-content\/uploads\/2017\/04\/053_2017Aberdeen.jpg\" alt=\"\" width=\"768\" height=\"1024\" srcset=\"https:\/\/www.travellingdevil.de\/wp-content\/uploads\/2017\/04\/053_2017Aberdeen.jpg 768w, https:\/\/www.travellingdevil.de\/wp-content\/uploads\/2017\/04\/053_2017Aberdeen-113x150.jpg 113w, https:\/\/www.travellingdevil.de\/wp-content\/uploads\/2017\/04\/053_2017Aberdeen-300x400.jpg 300w\" sizes=\"auto, (max-width: 768px) 100vw, 768px\" \/><\/a><\/p>\n<p>In der N\u00e4he des Parkplatzes gab es dann wieder die typisch schottischen Blicke: Verwitterte Mauern, Gr\u00e4ser und Wiesen, B\u00e4ume, &#8230; &#8211; sehr idyllisch.<\/p>\n<p><a href=\"https:\/\/www.travellingdevil.de\/?attachment_id=6495\" rel=\"attachment wp-att-6495\"><img loading=\"lazy\" decoding=\"async\" class=\"alignnone wp-image-6495 size-full\" src=\"https:\/\/travellingdevil.de\/wp-content\/uploads\/2017\/04\/054_2017Aberdeen.jpg\" alt=\"\" width=\"768\" height=\"1024\" srcset=\"https:\/\/www.travellingdevil.de\/wp-content\/uploads\/2017\/04\/054_2017Aberdeen.jpg 768w, https:\/\/www.travellingdevil.de\/wp-content\/uploads\/2017\/04\/054_2017Aberdeen-113x150.jpg 113w, https:\/\/www.travellingdevil.de\/wp-content\/uploads\/2017\/04\/054_2017Aberdeen-300x400.jpg 300w\" sizes=\"auto, (max-width: 768px) 100vw, 768px\" \/><\/a><\/p>\n<p>Ein sch\u00f6ner Trip und ein sch\u00f6ner Start in den gemeinsamen Kurzurlaub!<\/p>\n","protected":false},"excerpt":{"rendered":"<p>Heute stand zuerst einmal eine R\u00fcckkehr zum Flughafen auf dem Programm. Entlang der Strecke, die wir wieder mit dem 727 Bus gefahren sind, konnte man&#8230;<\/p>\n<div class=\"more-link-wrapper\"><a class=\"more-link\" href=\"https:\/\/www.travellingdevil.de\/?p=6494\">Weiterlesen<span class=\"screen-reader-text\">Tap o&#8216; Noth<\/span><\/a><\/div>\n","protected":false},"author":3,"featured_media":6508,"comment_status":"open","ping_status":"open","sticky":false,"template":"","format":"standard","meta":{"iawp_total_views":5,"footnotes":""},"categories":[33],"tags":[122,102,98,82],"class_list":["post-6494","post","type-post","status-publish","format-standard","has-post-thumbnail","hentry","category-aberdeen2017","tag-122","tag-aberdeen","tag-schottland","tag-wanderung","entry"],"views":1246,"_links":{"self":[{"href":"https:\/\/www.travellingdevil.de\/index.php?rest_route=\/wp\/v2\/posts\/6494","targetHints":{"allow":["GET"]}}],"collection":[{"href":"https:\/\/www.travellingdevil.de\/index.php?rest_route=\/wp\/v2\/posts"}],"about":[{"href":"https:\/\/www.travellingdevil.de\/index.php?rest_route=\/wp\/v2\/types\/post"}],"author":[{"embeddable":true,"href":"https:\/\/www.travellingdevil.de\/index.php?rest_route=\/wp\/v2\/users\/3"}],"replies":[{"embeddable":true,"href":"https:\/\/www.travellingdevil.de\/index.php?rest_route=%2Fwp%2Fv2%2Fcomments&post=6494"}],"version-history":[{"count":4,"href":"https:\/\/www.travellingdevil.de\/index.php?rest_route=\/wp\/v2\/posts\/6494\/revisions"}],"predecessor-version":[{"id":12321,"href":"https:\/\/www.travellingdevil.de\/index.php?rest_route=\/wp\/v2\/posts\/6494\/revisions\/12321"}],"wp:featuredmedia":[{"embeddable":true,"href":"https:\/\/www.travellingdevil.de\/index.php?rest_route=\/wp\/v2\/media\/6508"}],"wp:attachment":[{"href":"https:\/\/www.travellingdevil.de\/index.php?rest_route=%2Fwp%2Fv2%2Fmedia&parent=6494"}],"wp:term":[{"taxonomy":"category","embeddable":true,"href":"https:\/\/www.travellingdevil.de\/index.php?rest_route=%2Fwp%2Fv2%2Fcategories&post=6494"},{"taxonomy":"post_tag","embeddable":true,"href":"https:\/\/www.travellingdevil.de\/index.php?rest_route=%2Fwp%2Fv2%2Ftags&post=6494"}],"curies":[{"name":"wp","href":"https:\/\/api.w.org\/{rel}","templated":true}]}}